{"id":1242,"date":"2020-06-01T17:32:14","date_gmt":"2020-06-01T17:32:14","guid":{"rendered":"https:\/\/dracs.es\/?p=1242"},"modified":"2020-06-01T17:32:21","modified_gmt":"2020-06-01T17:32:21","slug":"lambda-invita-a-hacer-deporte-y-sumar-26-000-km-por-la-diversidad-y-los-derechos-de-las-mujeres-ltb-del-3-al-28-de-junio","status":"publish","type":"post","link":"https:\/\/dracs.es\/vl\/lambda-invita-a-hacer-deporte-y-sumar-26-000-km-por-la-diversidad-y-los-derechos-de-las-mujeres-ltb-del-3-al-28-de-junio\/","title":{"rendered":"Lambda convida a fer esport i sumar \u201c26.000 Km per la diversitat i els drets de les dones LTB\u201d del 3 al 28 de juny"},"content":{"rendered":"\n<ul class=\"wp-block-list\"><li><strong>El doble objectiu d&#8217;aquesta acci\u00f3 \u00e9s animar a l&#8217;activitat f\u00edsica i visibilitzar, segons sumem quil\u00f2metres, les realitats de les dones LTB a \u00c0frica i Am\u00e8rica<\/strong><\/li><li><strong>Les persones poden donar els quil\u00f2metres que fan caminant, rodant, amb bici, patins o fins i tot nadant, a trav\u00e9s d&#8217;un senzill formulari<\/strong><\/li><\/ul>\n\n\n\n<p><strong>Aquest projecte \u00e9s la primera acci\u00f3 de l&#8217;Orgull LGTB+ 2020, que es commemorar\u00e0 al llarg del mes de juny, i la manifestaci\u00f3 virtual ser\u00e0 el diumenge 28 de juny<\/strong><\/p>\n\n\n\n<figure class=\"wp-block-image size-large\"><img loading=\"lazy\" decoding=\"async\" width=\"761\" height=\"1024\" src=\"https:\/\/dracs.es\/wp-content\/uploads\/2020\/06\/km-diversitat-03-761x1024.jpg\" alt=\"\" class=\"wp-image-1243\" srcset=\"https:\/\/dracs.es\/wp-content\/uploads\/2020\/06\/km-diversitat-03-761x1024.jpg 761w, https:\/\/dracs.es\/wp-content\/uploads\/2020\/06\/km-diversitat-03-300x404.jpg 300w, https:\/\/dracs.es\/wp-content\/uploads\/2020\/06\/km-diversitat-03-600x807.jpg 600w, https:\/\/dracs.es\/wp-content\/uploads\/2020\/06\/km-diversitat-03-223x300.jpg 223w, https:\/\/dracs.es\/wp-content\/uploads\/2020\/06\/km-diversitat-03-768x1033.jpg 768w, https:\/\/dracs.es\/wp-content\/uploads\/2020\/06\/km-diversitat-03-245x330.jpg 245w, https:\/\/dracs.es\/wp-content\/uploads\/2020\/06\/km-diversitat-03.jpg 912w\" sizes=\"auto, (max-width: 761px) 100vw, 761px\" \/><\/figure>\n\n\n\n<p><strong>Lambda, col\u00b7lectiu LGTB+ per la diversitat sexual, de g\u00e8nere i familiar,<\/strong> llan\u00e7a el projecte \u201cKm per la diversitat i els drets de les dones LTB\u201d i convida a totes les persones a fer esport, a motivar-se per a contribuir a una bona causa i, aix\u00ed, sumar 26.000 quil\u00f2metres amb la intenci\u00f3 d&#8217;arribar a m\u00e9s pa\u00efsos i descobrir les situacions que viuen les dones LTB.<\/p>\n\n\n\n<p>\u00c9s la primera activitat que es posa en marxa dins de l&#8217;Orgull LGTB+ 2020 que enguany s&#8217;organitza sota el lema: <strong>Amb drets, sense fronteres, dones lliures i diverses<\/strong>. En molts pa\u00efsos les persones LGTB+ pateixen rebuig, abusos, discriminaci\u00f3 i fins i tot s\u00f3n condemnades a pres\u00f3 i pena de mort per la seua orientaci\u00f3 sexual i identitat de g\u00e8nere, la qual cosa suposa una vulneraci\u00f3 dels drets humans.<\/p>\n\n\n\n<p>\u00abEn el cas de les dones, a m\u00e9s, s&#8217;afig la discriminaci\u00f3 que pateixen pel fet de ser-ho\u00bb, explica Diana Sanchis, responsable d&#8217;aquest projecte, al costat de les seues companyes de les Heidis, l&#8217;equip de futbol femen\u00ed de Lambda. Tamb\u00e9 se centra en les dones LTB perqu\u00e8 \u00e9s el lema de 2020 de la Federaci\u00f3 Estatal de Lesbianes, Gais, Transsexuals i Bisexuals (FELGTB): \u201cDones LTB: sororidad i feminisme\u201d.<\/p>\n\n\n\n<figure class=\"wp-block-image size-large\"><img loading=\"lazy\" decoding=\"async\" width=\"1024\" height=\"769\" src=\"https:\/\/dracs.es\/wp-content\/uploads\/2020\/06\/km-diversitat-01-1024x769.jpg\" alt=\"\" class=\"wp-image-1246\" srcset=\"https:\/\/dracs.es\/wp-content\/uploads\/2020\/06\/km-diversitat-01-1024x769.jpg 1024w, https:\/\/dracs.es\/wp-content\/uploads\/2020\/06\/km-diversitat-01-300x225.jpg 300w, https:\/\/dracs.es\/wp-content\/uploads\/2020\/06\/km-diversitat-01-600x450.jpg 600w, https:\/\/dracs.es\/wp-content\/uploads\/2020\/06\/km-diversitat-01-768x577.jpg 768w, https:\/\/dracs.es\/wp-content\/uploads\/2020\/06\/km-diversitat-01-245x184.jpg 245w, https:\/\/dracs.es\/wp-content\/uploads\/2020\/06\/km-diversitat-01.jpg 1280w\" sizes=\"auto, (max-width: 1024px) 100vw, 1024px\" \/><\/figure>\n\n\n\n<p>A partir del dimecres dia 3, dia habitual d&#8217;entrenament de les Heidis, comencem a sumar 26.000 km, dividits en dos recorreguts:<\/p>\n\n\n\n<ul class=\"wp-block-list\"><li>un per \u00c0frica, que passar\u00e0 per Alg\u00e8ria, N\u00edger, Nig\u00e8ria, Camerun, Costa d&#8217;Ivori, el Senegal, Maurit\u00e0nia i el Marroc, per a denunciar que les relacions sexuals consensuades entre persones del mateix g\u00e8nere s\u00f3n un crim en m\u00e9s de 70 pa\u00efsos a tot el m\u00f3n, 32 dels quals es troben a \u00c0frica.<\/li><li>un per Am\u00e8rica, que recorrer\u00e0 Guatemala, El Salvador, Hondures, Nicaragua, Costa Rica, Panam\u00e0, Col\u00f2mbia, Vene\u00e7uela i el Brasil, pa\u00efsos on, malgrat els avan\u00e7os legislatius que garanteixen els drets de les persones LGTB+, les xifres d&#8217;assassinats de persones transsexuals i transg\u00e8nere s\u00f3n dram\u00e0tiques.&nbsp;&nbsp;<\/li><\/ul>\n\n\n\n<p>Volem tancar simb\u00f2licament aquest projecte el dia 28 de juny en la Pla\u00e7a de l&#8217;Ajuntament de Val\u00e8ncia, com vam fer l&#8217;any passat, just per a donar pas a la manifestaci\u00f3 virtual de l&#8217;Orgull 2020!<\/p>\n\n\n\n<p><strong>Com participar?<\/strong><\/p>\n\n\n\n<p>Qualsevol persona o club, grup d&#8217;amistats o gent del treball pot <a href=\"https:\/\/tinyurl.com\/ya3m2kbs\">inscriure&#8217;s en el projecte<\/a>. En resposta rep un correu amb un dorsal, com si d&#8217;una competici\u00f3 esportiva m\u00e9s es tractara.<\/p>\n\n\n\n<figure class=\"wp-block-image size-large\"><img loading=\"lazy\" decoding=\"async\" width=\"939\" height=\"1260\" src=\"https:\/\/i2.wp.com\/dracs.es\/wp-content\/uploads\/2020\/06\/km-diversitat-02-1.jpg?fit=750%2C1007&amp;ssl=1\" alt=\"\" class=\"wp-image-1247\" srcset=\"https:\/\/dracs.es\/wp-content\/uploads\/2020\/06\/km-diversitat-02-1.jpg 939w, https:\/\/dracs.es\/wp-content\/uploads\/2020\/06\/km-diversitat-02-1-300x403.jpg 300w, https:\/\/dracs.es\/wp-content\/uploads\/2020\/06\/km-diversitat-02-1-600x805.jpg 600w, https:\/\/dracs.es\/wp-content\/uploads\/2020\/06\/km-diversitat-02-1-224x300.jpg 224w, https:\/\/dracs.es\/wp-content\/uploads\/2020\/06\/km-diversitat-02-1-763x1024.jpg 763w, https:\/\/dracs.es\/wp-content\/uploads\/2020\/06\/km-diversitat-02-1-768x1031.jpg 768w, https:\/\/dracs.es\/wp-content\/uploads\/2020\/06\/km-diversitat-02-1-245x329.jpg 245w\" sizes=\"auto, (max-width: 939px) 100vw, 939px\" \/><\/figure>\n\n\n\n<p>Formulari d&#8217;inscripci\u00f3: <a href=\"https:\/\/tinyurl.com\/ya3m2kbs\">https:\/\/tinyurl.com\/ya3m2kbs<\/a><\/p>\n\n\n\n<p>Es poden sumar quil\u00f2metres caminant o rodant, corrent, amb bicicleta (siga pel carrer, damunt d&#8217;un corr\u00f3 o bici est\u00e0tica o el\u00b7l\u00edptica), en patins, practicant esports aqu\u00e0tics o de qualsevol altra manera. \u00abCada pas que dones compte per a aconseguir rec\u00f3rrer aquests dos continents i con\u00e9ixer les principals vulneracions dels drets humans contra persones LGTB+ en el m\u00f3n\u00bb, afig Sanchis.<\/p>\n\n\n\n<p>Sumar quil\u00f2metres \u00e9s molt f\u00e0cil. En el mateix mail de resposta a la inscripci\u00f3 es rep l&#8217;enlla\u00e7 a un senzill formulari on cal anotar el n\u00famero de dorsal, els quil\u00f2metres que s&#8217;han fet, de quina manera i enviar.<\/p>\n\n\n\n<p>L&#8217;esfor\u00e7 de totes serveix per a visibilitzar les realitats LGTB+ en el m\u00f3n. Suma&#8217;t!<\/p>\n\n\n\n<p><strong>m\u00e9s informaci\u00f3:<\/strong><\/p>\n\n\n\n<ul class=\"wp-block-list\"><li><a href=\"https:\/\/lambdavalencia.org\/es\/km-por-la-diversidad-y-los-derechos-de-las-mujeres-ltb\/\">Km per la diversitat i els drets de les dones LTB<\/a><\/li><\/ul>\n","protected":false},"excerpt":{"rendered":"<p>Lambda convida a fer esport i sumar \u201c26.000 Km per la diversitat i els drets de les dones LTB\u201d del 3 al 28 de juny<\/p>\n","protected":false},"author":1,"featured_media":1245,"comment_status":"open","ping_status":"open","sticky":false,"template":"","format":"standard","meta":{"pmpro_default_level":"","footnotes":""},"categories":[1],"tags":[52,53,54],"class_list":["post-1242","post","type-post","status-publish","format-standard","has-post-thumbnail","hentry","category-uncategorized","tag-lambda","tag-orgullo","tag-valencia","pmpro-has-access"],"translation":{"provider":"WPGlobus","version":"3.0.2","language":"vl","enabled_languages":["es","vl"],"languages":{"es":{"title":true,"content":true,"excerpt":false},"vl":{"title":true,"content":true,"excerpt":true}}},"featured_image_urls_v2":{"full":["https:\/\/dracs.es\/wp-content\/uploads\/2020\/06\/Km-diversitat-imatge.png",899,513,false],"thumbnail":["https:\/\/dracs.es\/wp-content\/uploads\/2020\/06\/Km-diversitat-imatge-150x150.png",150,150,true],"medium":["https:\/\/dracs.es\/wp-content\/uploads\/2020\/06\/Km-diversitat-imatge-300x171.png",300,171,true],"medium_large":["https:\/\/dracs.es\/wp-content\/uploads\/2020\/06\/Km-diversitat-imatge-768x438.png",768,438,true],"large":["https:\/\/dracs.es\/wp-content\/uploads\/2020\/06\/Km-diversitat-imatge.png",899,513,false],"1536x1536":["https:\/\/dracs.es\/wp-content\/uploads\/2020\/06\/Km-diversitat-imatge.png",899,513,false],"2048x2048":["https:\/\/dracs.es\/wp-content\/uploads\/2020\/06\/Km-diversitat-imatge.png",899,513,false],"post-thumbnail":["https:\/\/dracs.es\/wp-content\/uploads\/2020\/06\/Km-diversitat-imatge.png",300,171,false],"envo-one-img":["https:\/\/dracs.es\/wp-content\/uploads\/2020\/06\/Km-diversitat-imatge.png",899,513,false],"woocommerce_thumbnail":["https:\/\/dracs.es\/wp-content\/uploads\/2020\/06\/Km-diversitat-imatge-300x171.png",300,171,true],"woocommerce_single":["https:\/\/dracs.es\/wp-content\/uploads\/2020\/06\/Km-diversitat-imatge-600x342.png",600,342,true],"woocommerce_gallery_thumbnail":["https:\/\/dracs.es\/wp-content\/uploads\/2020\/06\/Km-diversitat-imatge-100x100.png",100,100,true]},"post_excerpt_stackable_v2":"<p>{:vl}Lambda convida a fer esport i sumar \u201c26.000 Km per la diversitat i els drets de les dones LTB\u201d del 3 al 28 de juny{:}<\/p>\n","category_list_v2":"<a href=\"https:\/\/dracs.es\/vl\/category\/uncategorized\/\" rel=\"category tag\">Uncategorized<\/a>","author_info_v2":{"name":"admin","url":"https:\/\/dracs.es\/vl\/author\/celgtbivalencia\/"},"comments_num_v2":"0 comments","_links":{"self":[{"href":"https:\/\/dracs.es\/vl\/wp-json\/wp\/v2\/posts\/1242","targetHints":{"allow":["GET"]}}],"collection":[{"href":"https:\/\/dracs.es\/vl\/wp-json\/wp\/v2\/posts"}],"about":[{"href":"https:\/\/dracs.es\/vl\/wp-json\/wp\/v2\/types\/post"}],"author":[{"embeddable":true,"href":"https:\/\/dracs.es\/vl\/wp-json\/wp\/v2\/users\/1"}],"replies":[{"embeddable":true,"href":"https:\/\/dracs.es\/vl\/wp-json\/wp\/v2\/comments?post=1242"}],"version-history":[{"count":2,"href":"https:\/\/dracs.es\/vl\/wp-json\/wp\/v2\/posts\/1242\/revisions"}],"predecessor-version":[{"id":1249,"href":"https:\/\/dracs.es\/vl\/wp-json\/wp\/v2\/posts\/1242\/revisions\/1249"}],"wp:featuredmedia":[{"embeddable":true,"href":"https:\/\/dracs.es\/vl\/wp-json\/wp\/v2\/media\/1245"}],"wp:attachment":[{"href":"https:\/\/dracs.es\/vl\/wp-json\/wp\/v2\/media?parent=1242"}],"wp:term":[{"taxonomy":"category","embeddable":true,"href":"https:\/\/dracs.es\/vl\/wp-json\/wp\/v2\/categories?post=1242"},{"taxonomy":"post_tag","embeddable":true,"href":"https:\/\/dracs.es\/vl\/wp-json\/wp\/v2\/tags?post=1242"}],"curies":[{"name":"wp","href":"https:\/\/api.w.org\/{rel}","templated":true}]}}