{"id":2216,"date":"2020-09-01T12:07:36","date_gmt":"2020-09-01T10:07:36","guid":{"rendered":"https:\/\/dracs.es\/?p=2216"},"modified":"2020-09-01T12:24:27","modified_gmt":"2020-09-01T10:24:27","slug":"pretemporada-dracs-en-playa-de-la-patacona","status":"publish","type":"post","link":"https:\/\/dracs.es\/vl\/pretemporada-dracs-en-playa-de-la-patacona\/","title":{"rendered":"Pretemporada DRACS en la platja de la Patacona!"},"content":{"rendered":"\n<p>Durant el mes de setembre, els entrenaments de les activitats de <strong>triatl\u00f3, voleybol i nataci\u00f3<\/strong> es realitzaran <strong>a la Platja de la Patacona<\/strong>.<\/p>\n\n\n\n<div class=\"wp-block-media-text alignwide has-media-on-the-right is-stacked-on-mobile\" style=\"grid-template-columns:auto 46%\"><figure class=\"wp-block-media-text__media\"><img loading=\"lazy\" decoding=\"async\" width=\"1024\" height=\"576\" src=\"https:\/\/dracs.es\/wp-content\/uploads\/2020\/09\/IMG_20200711_195720-2-1024x576.jpg\" alt=\"\" class=\"wp-image-2224\" srcset=\"https:\/\/dracs.es\/wp-content\/uploads\/2020\/09\/IMG_20200711_195720-2-1024x576.jpg 1024w, https:\/\/dracs.es\/wp-content\/uploads\/2020\/09\/IMG_20200711_195720-2-300x169.jpg 300w, https:\/\/dracs.es\/wp-content\/uploads\/2020\/09\/IMG_20200711_195720-2-600x337.jpg 600w, https:\/\/dracs.es\/wp-content\/uploads\/2020\/09\/IMG_20200711_195720-2-768x432.jpg 768w, https:\/\/dracs.es\/wp-content\/uploads\/2020\/09\/IMG_20200711_195720-2-1536x864.jpg 1536w, https:\/\/dracs.es\/wp-content\/uploads\/2020\/09\/IMG_20200711_195720-2-1568x882.jpg 1568w, https:\/\/dracs.es\/wp-content\/uploads\/2020\/09\/IMG_20200711_195720-2-245x138.jpg 245w, https:\/\/dracs.es\/wp-content\/uploads\/2020\/09\/IMG_20200711_195720-2.jpg 1718w\" sizes=\"auto, (max-width: 1024px) 100vw, 1024px\" \/><\/figure><div class=\"wp-block-media-text__content\">\n<p>Aquesta iniciativa t\u00e9 com a objectius centrals fomentar que totes les persones del club ens coneguem en un mateix entorn, compartir l&#8217;espai i com no, poder gaudir de l&#8217;aire lliure, del bon temps i de les nostres meravelloses platges.<\/p>\n<\/div><\/div>\n\n\n\n<div class=\"wp-block-media-text alignwide is-stacked-on-mobile\" style=\"grid-template-columns:40% auto\"><figure class=\"wp-block-media-text__media\"><img decoding=\"async\" src=\"https:\/\/dracs.es\/wp-content\/uploads\/2020\/09\/IMG-20200613-WA0005-1024x768.jpg\" alt=\"\" class=\"wp-image-2222\"\/><\/figure><div class=\"wp-block-media-text__content\">\n<p>Aquestes activitats es realitzaran els <strong>dimecres i divendres de 19.00 a 20.30<\/strong>.<\/p>\n\n\n\n<p>Els divendres, segons aforaments permesos per la normativa vigent de la crissi sanit\u00e0ria originada per la COVID-19,<strong> soparem en un local pr\u00f2xim<\/strong>.<\/p>\n<\/div><\/div>\n\n\n<p><iframe loading=\"lazy\" src=\"https:\/\/www.google.com\/maps\/embed?pb=!1m18!1m12!1m\u00b3!1d6158.276420728686!2d-0.32772075428771696!3d39.48879364089554!2m\u00b3!1f0!2f0!3f0!3m\u00b2!1i1024!2i768!4f13.1!3m\u00b3!1m\u00b2!1s0xd6047dba605a0c7%3A0x5943ed881aa992f0!2sPlaya%20de%20la%20Patacona!5e0!3m\u00b2!1ses!2ses!4v1598954677910!5m\u00b2!1ses!2ses\" style=\"border:0;\" allowfullscreen=\"\" \u00e0ria-hidden=\"false\" tabindex=\"0\" width=\"600\" height=\"450\" frameborder=\"0\"><\/iframe><\/p>\n\n\n\n<p><\/p>\n","protected":false},"excerpt":{"rendered":"<p>Durant el mes de setembre, els entrenaments de les activitats de triatl\u00f3, voleybol i nataci\u00f3 es realitzaran a la Platja de la Patacona. Aquesta iniciativa t\u00e9 com a objectius centrals fomentar que totes les persones del club ens coneguem en un mateix entorn, compartir l&#8217;espai i com no, poder gaudir de l&#8217;aire lliure, del bon&hellip;<\/p>\n","protected":false},"author":1,"featured_media":2229,"comment_status":"open","ping_status":"open","sticky":false,"template":"","format":"standard","meta":{"pmpro_default_level":"","footnotes":""},"categories":[1],"tags":[],"class_list":["post-2216","post","type-post","status-publish","format-standard","has-post-thumbnail","hentry","category-uncategorized","pmpro-has-access"],"translation":{"provider":"WPGlobus","version":"3.0.2","language":"vl","enabled_languages":["es","vl"],"languages":{"es":{"title":true,"content":true,"excerpt":false},"vl":{"title":true,"content":true,"excerpt":false}}},"featured_image_urls_v2":{"full":["https:\/\/dracs.es\/wp-content\/uploads\/2020\/09\/IMG_20200627_182247-scaled.jpg",2560,1440,false],"thumbnail":["https:\/\/dracs.es\/wp-content\/uploads\/2020\/09\/IMG_20200627_182247-150x150.jpg",150,150,true],"medium":["https:\/\/dracs.es\/wp-content\/uploads\/2020\/09\/IMG_20200627_182247-300x169.jpg",300,169,true],"medium_large":["https:\/\/dracs.es\/wp-content\/uploads\/2020\/09\/IMG_20200627_182247-768x432.jpg",768,432,true],"large":["https:\/\/dracs.es\/wp-content\/uploads\/2020\/09\/IMG_20200627_182247-1024x576.jpg",1024,576,true],"1536x1536":["https:\/\/dracs.es\/wp-content\/uploads\/2020\/09\/IMG_20200627_182247-1536x864.jpg",1536,864,true],"2048x2048":["https:\/\/dracs.es\/wp-content\/uploads\/2020\/09\/IMG_20200627_182247-2048x1152.jpg",2048,1152,true],"post-thumbnail":["https:\/\/dracs.es\/wp-content\/uploads\/2020\/09\/IMG_20200627_182247-1568x882.jpg",300,169,true],"envo-one-img":["https:\/\/dracs.es\/wp-content\/uploads\/2020\/09\/IMG_20200627_182247-scaled.jpg",960,540,false],"woocommerce_thumbnail":["https:\/\/dracs.es\/wp-content\/uploads\/2020\/09\/IMG_20200627_182247-scaled-300x169.jpg",300,169,true],"woocommerce_single":["https:\/\/dracs.es\/wp-content\/uploads\/2020\/09\/IMG_20200627_182247-scaled-600x338.jpg",600,338,true],"woocommerce_gallery_thumbnail":["https:\/\/dracs.es\/wp-content\/uploads\/2020\/09\/IMG_20200627_182247-scaled-100x100.jpg",100,100,true]},"post_excerpt_stackable_v2":"<p>Durant el mes de setembre, els entrenaments de les activitats de triatl\u00f3, voleybol i nataci\u00f3 es realitzaran a la Platja de la Patacona. Aquesta iniciativa t\u00e9 com a objectius centrals fomentar que totes les persones del club ens coneguem en un mateix entorn, compartir l&#8217;espai i com no, poder gaudir de l&#8217;aire lliure, del bon temps i de les nostres meravelloses platges. Aquestes activitats es realitzaran els dimecres i divendres de 19.00 a 20.30. Els divendres, segons aforaments permesos per la normativa vigent de la crissi sanit\u00e0ria originada per la COVID-19, soparem en un local pr\u00f2xim.<\/p>\n","category_list_v2":"<a href=\"https:\/\/dracs.es\/vl\/category\/uncategorized\/\" rel=\"category tag\">Uncategorized<\/a>","author_info_v2":{"name":"admin","url":"https:\/\/dracs.es\/vl\/author\/celgtbivalencia\/"},"comments_num_v2":"0 comments","_links":{"self":[{"href":"https:\/\/dracs.es\/vl\/wp-json\/wp\/v2\/posts\/2216","targetHints":{"allow":["GET"]}}],"collection":[{"href":"https:\/\/dracs.es\/vl\/wp-json\/wp\/v2\/posts"}],"about":[{"href":"https:\/\/dracs.es\/vl\/wp-json\/wp\/v2\/types\/post"}],"author":[{"embeddable":true,"href":"https:\/\/dracs.es\/vl\/wp-json\/wp\/v2\/users\/1"}],"replies":[{"embeddable":true,"href":"https:\/\/dracs.es\/vl\/wp-json\/wp\/v2\/comments?post=2216"}],"version-history":[{"count":4,"href":"https:\/\/dracs.es\/vl\/wp-json\/wp\/v2\/posts\/2216\/revisions"}],"predecessor-version":[{"id":2233,"href":"https:\/\/dracs.es\/vl\/wp-json\/wp\/v2\/posts\/2216\/revisions\/2233"}],"wp:featuredmedia":[{"embeddable":true,"href":"https:\/\/dracs.es\/vl\/wp-json\/wp\/v2\/media\/2229"}],"wp:attachment":[{"href":"https:\/\/dracs.es\/vl\/wp-json\/wp\/v2\/media?parent=2216"}],"wp:term":[{"taxonomy":"category","embeddable":true,"href":"https:\/\/dracs.es\/vl\/wp-json\/wp\/v2\/categories?post=2216"},{"taxonomy":"post_tag","embeddable":true,"href":"https:\/\/dracs.es\/vl\/wp-json\/wp\/v2\/tags?post=2216"}],"curies":[{"name":"wp","href":"https:\/\/api.w.org\/{rel}","templated":true}]}}