{"id":2264,"date":"2020-09-03T14:18:30","date_gmt":"2020-09-03T12:18:30","guid":{"rendered":"https:\/\/dracs.es\/?p=2264"},"modified":"2020-09-03T14:30:13","modified_gmt":"2020-09-03T12:30:13","slug":"sopar-de-germanor-dracs","status":"publish","type":"post","link":"https:\/\/dracs.es\/vl\/sopar-de-germanor-dracs\/","title":{"rendered":"Sopar de Germanor DRACS 04\/09\/20-21.30"},"content":{"rendered":"<p>Despr\u00e9s de l&#8217;entrenament del divendres, es far\u00e0 un sopar amb totes les persones del club. Sopar juntes el divendres ser\u00e0 una activitat volunt\u00e0ria i recurrent. A causa de les restriccions pel Covid-19, les taules estaran limitades a 10 persones. La reserva ser\u00e0 individual i les persones s\u00f2cies de Dracs tindran prefer\u00e8ncia per a la reserva&#8230;. <\/p>\n<div class=\"pmpro\">\n<div class=\"pmpro_card pmpro_content_message\">\n<div class=\"pmpro_card_content\"><a href=\"https:\/\/dracs.es\/vl\/membership-login\/\">Accedir al meu compte<\/a><br \/>\n<br \/>\n<a href=\"https:\/\/dracs.es\/vl\/membership-join\/\">Vull associar-me<\/a>\n<\/div>\n<\/div>\n<\/div>\n","protected":false},"excerpt":{"rendered":"<p>Despr\u00e9s de l&#8217;entrenament del divendres, es far\u00e0 un sopar amb totes les persones del club. Sopar juntes el divendres ser\u00e0 una activitat volunt\u00e0ria i recurrent. A causa de les restriccions pel Covid-19, les taules estaran limitades a 10 persones. La reserva ser\u00e0 individual i les persones s\u00f2cies de Dracs tindran prefer\u00e8ncia per a la reserva.&hellip;... <\/p>\n<div class=\"pmpro\"><div class=\"pmpro_card pmpro_content_message\"><div class=\"pmpro_card_content\"><a href=\"https:\/\/dracs.es\/vl\/membership-login\/\">Accedir al meu compte<\/a>\r\n<br \/>\r\n<a href=\"https:\/\/dracs.es\/vl\/membership-join\/\">Vull associar-me<\/a>\r\n<\/div><\/div><\/div>","protected":false},"author":1,"featured_media":2249,"comment_status":"open","ping_status":"open","sticky":false,"template":"","format":"standard","meta":{"pmpro_default_level":"","footnotes":""},"categories":[1],"tags":[],"class_list":["post-2264","post","type-post","status-publish","format-standard","has-post-thumbnail","hentry","category-uncategorized","pmpro-level-required","pmpro-level-1","pmpro-no-access"],"translation":{"provider":"WPGlobus","version":"3.0.2","language":"vl","enabled_languages":["es","vl"],"languages":{"es":{"title":true,"content":true,"excerpt":false},"vl":{"title":true,"content":true,"excerpt":false}}},"featured_image_urls_v2":{"full":["https:\/\/dracs.es\/wp-content\/uploads\/2020\/09\/DSC_4695-scaled.jpg",2560,1696,false],"thumbnail":["https:\/\/dracs.es\/wp-content\/uploads\/2020\/09\/DSC_4695-150x150.jpg",150,150,true],"medium":["https:\/\/dracs.es\/wp-content\/uploads\/2020\/09\/DSC_4695-300x199.jpg",300,199,true],"medium_large":["https:\/\/dracs.es\/wp-content\/uploads\/2020\/09\/DSC_4695-768x509.jpg",768,509,true],"large":["https:\/\/dracs.es\/wp-content\/uploads\/2020\/09\/DSC_4695-1024x678.jpg",1024,678,true],"1536x1536":["https:\/\/dracs.es\/wp-content\/uploads\/2020\/09\/DSC_4695-1536x1017.jpg",1536,1017,true],"2048x2048":["https:\/\/dracs.es\/wp-content\/uploads\/2020\/09\/DSC_4695-2048x1356.jpg",2048,1356,true],"post-thumbnail":["https:\/\/dracs.es\/wp-content\/uploads\/2020\/09\/DSC_4695-1568x1039.jpg",300,199,true],"envo-one-img":["https:\/\/dracs.es\/wp-content\/uploads\/2020\/09\/DSC_4695-scaled.jpg",815,540,false],"woocommerce_thumbnail":["https:\/\/dracs.es\/wp-content\/uploads\/2020\/09\/DSC_4695-scaled-300x199.jpg",300,199,true],"woocommerce_single":["https:\/\/dracs.es\/wp-content\/uploads\/2020\/09\/DSC_4695-600x397.jpg",600,397,true],"woocommerce_gallery_thumbnail":["https:\/\/dracs.es\/wp-content\/uploads\/2020\/09\/DSC_4695-scaled-100x100.jpg",100,100,true]},"post_excerpt_stackable_v2":"<p>Despr\u00e9s de l&#8217;entrenament del divendres, es far\u00e0 un sopar amb totes les persones del club. Sopar juntes el divendres ser\u00e0 una activitat volunt\u00e0ria i recurrent. A causa de les restriccions pel Covid-19, les taules estaran limitades a 10 persones. La reserva ser\u00e0 individual i les persones s\u00f2cies de Dracs tindran prefer\u00e8ncia per a la reserva&#8230;.... <\/p>\n<div class=\"pmpro\"><div class=\"pmpro_card pmpro_content_message\"><div class=\"pmpro_card_content\"><a href=\"https:\/\/dracs.es\/vl\/membership-login\/\">Accedir al meu compte<\/a>\r\n<br \/>\r\n<a href=\"https:\/\/dracs.es\/vl\/membership-join\/\">Vull associar-me<\/a>\r\n<\/div><\/div><\/div>","category_list_v2":"<a href=\"https:\/\/dracs.es\/vl\/category\/uncategorized\/\" rel=\"category tag\">Uncategorized<\/a>","author_info_v2":{"name":"admin","url":"https:\/\/dracs.es\/vl\/author\/celgtbivalencia\/"},"comments_num_v2":"0 comments","_links":{"self":[{"href":"https:\/\/dracs.es\/vl\/wp-json\/wp\/v2\/posts\/2264","targetHints":{"allow":["GET"]}}],"collection":[{"href":"https:\/\/dracs.es\/vl\/wp-json\/wp\/v2\/posts"}],"about":[{"href":"https:\/\/dracs.es\/vl\/wp-json\/wp\/v2\/types\/post"}],"author":[{"embeddable":true,"href":"https:\/\/dracs.es\/vl\/wp-json\/wp\/v2\/users\/1"}],"replies":[{"embeddable":true,"href":"https:\/\/dracs.es\/vl\/wp-json\/wp\/v2\/comments?post=2264"}],"version-history":[{"count":5,"href":"https:\/\/dracs.es\/vl\/wp-json\/wp\/v2\/posts\/2264\/revisions"}],"predecessor-version":[{"id":2271,"href":"https:\/\/dracs.es\/vl\/wp-json\/wp\/v2\/posts\/2264\/revisions\/2271"}],"wp:featuredmedia":[{"embeddable":true,"href":"https:\/\/dracs.es\/vl\/wp-json\/wp\/v2\/media\/2249"}],"wp:attachment":[{"href":"https:\/\/dracs.es\/vl\/wp-json\/wp\/v2\/media?parent=2264"}],"wp:term":[{"taxonomy":"category","embeddable":true,"href":"https:\/\/dracs.es\/vl\/wp-json\/wp\/v2\/categories?post=2264"},{"taxonomy":"post_tag","embeddable":true,"href":"https:\/\/dracs.es\/vl\/wp-json\/wp\/v2\/tags?post=2264"}],"curies":[{"name":"wp","href":"https:\/\/api.w.org\/{rel}","templated":true}]}}