{"id":2321,"date":"2020-09-16T08:48:31","date_gmt":"2020-09-16T06:48:31","guid":{"rendered":"https:\/\/dracs.es\/?p=2321"},"modified":"2020-09-17T12:03:16","modified_gmt":"2020-09-17T10:03:16","slug":"protocolos-covid-telefono-de-asistencia-y-mail-de-avisos","status":"publish","type":"post","link":"https:\/\/dracs.es\/vl\/protocolos-covid-telefono-de-asistencia-y-mail-de-avisos\/","title":{"rendered":"Protocols COVID: tel\u00e8fon d&#8217;assist\u00e8ncia i mail d&#8217;avisos"},"content":{"rendered":"\n<p>En primer lloc, desitgem que vosotres i els vostres sers estimats estigueu todes b\u00e9 i que les conseq\u00fc\u00e8ncies de la crisi sanit\u00e0ria, que ens est\u00e0 tocant viure, estiguen tenint el menor impacte negatiu en les vostres vides.<\/p>\n\n\n\n<p>Per a poder assegurar la salut de totes les persones s\u00f2cies del Club i les d&#8217;aquelles persones que fan \u00fas dels mateixos espais que nosotres, hem desenvolupat un document que compr\u00e9n els protocols d&#8217;acc\u00e9s, \u00fas d&#8217;instal\u00b7lacions, actuaci\u00f3 en cas de l&#8217;aparici\u00f3 de s\u00edmptomes, etc.<\/p>\n\n\n\n<p>Tamb\u00e9 hem habilitat un <strong>correu electr\u00f2nic <a href=\"mailto:covid@dracs.es\" target=\"_blank\" rel=\"noreferrer noopener\">covid@dracs.es<\/a><\/strong> i un <strong>tel\u00e8fon 623141719<\/strong> per a contactar en cas de l&#8217;aparici\u00f3 de s\u00edmptomes o circumst\u00e0ncies similars.<\/p>\n\n\n\n<p>Tamb\u00e9 hem incl\u00f2s informaci\u00f3 dels riscos i declaraci\u00f3&nbsp; responsable en les inscrcipciones a trav\u00e9s de la web.<\/p>\n\n\n\n<div class=\"wp-block-file\"><a href=\"https:\/\/dracs.es\/wp-content\/uploads\/2020\/09\/MESURES-EXTRAORDINARIES-DOBLIGAT-COMPLIMENT-A-EMERGENCIA-SANITARIA-PER-COVID-19.pdf\">MESURES-EXTRAORDINARIES-DOBLIGAT-COMPLIMENT-A-EMERGENCIA-SANITARIA-PER-COVID-19<\/a><a href=\"https:\/\/dracs.es\/wp-content\/uploads\/2020\/09\/MESURES-EXTRAORDINARIES-DOBLIGAT-COMPLIMENT-A-EMERGENCIA-SANITARIA-PER-COVID-19.pdf\" class=\"wp-block-file__button\" download>Descarga<\/a><\/div>\n\n\n\n<div class=\"wp-block-file\"><a href=\"https:\/\/dracs.es\/wp-content\/uploads\/2020\/09\/ANEXO-1.-DECLARACION-RESPONSABLE-DE-CONSENTIMIENTO-INDIVIDUAL-DEL-DEPORTISTA-ACCESO-II.DD_.MM_.-VALENCIA.docx.pdf\">ANEXO-1.-DECLARACION-RESPONSABLE-DE-CONSENTIMIENTO-INDIVIDUAL-DEL-DEPORTISTA-ACCESO-II.DD_.MM_.-VALENCIA.docx<\/a><a href=\"https:\/\/dracs.es\/wp-content\/uploads\/2020\/09\/ANEXO-1.-DECLARACION-RESPONSABLE-DE-CONSENTIMIENTO-INDIVIDUAL-DEL-DEPORTISTA-ACCESO-II.DD_.MM_.-VALENCIA.docx.pdf\" class=\"wp-block-file__button\" download>Descarga<\/a><\/div>\n\n\n<p>Actualitzarem aquests documents en la mesura que siga possible per a permetre la pr\u00e0ctica segura de l&#8217;esport en el club.<br>Moltes gr\u00e0cies per la vostra col\u00b7laboraci\u00f3.<\/p>\n\n\n<p><\/p>\n","protected":false},"excerpt":{"rendered":"<p>En primer lloc, desitgem que vosotres i els vostres sers estimats estigueu todes b\u00e9 i que les conseq\u00fc\u00e8ncies de la crisi sanit\u00e0ria, que ens est\u00e0 tocant viure, estiguen tenint el menor impacte negatiu en les vostres vides. Per a poder assegurar la salut de totes les persones s\u00f2cies del Club i les d&#8217;aquelles persones que&hellip;<\/p>\n","protected":false},"author":1,"featured_media":2334,"comment_status":"open","ping_status":"open","sticky":false,"template":"","format":"standard","meta":{"pmpro_default_level":"","footnotes":""},"categories":[1],"tags":[],"class_list":["post-2321","post","type-post","status-publish","format-standard","has-post-thumbnail","hentry","category-uncategorized","pmpro-has-access"],"translation":{"provider":"WPGlobus","version":"3.0.2","language":"vl","enabled_languages":["es","vl"],"languages":{"es":{"title":true,"content":true,"excerpt":false},"vl":{"title":true,"content":true,"excerpt":false}}},"featured_image_urls_v2":{"full":["https:\/\/dracs.es\/wp-content\/uploads\/2020\/09\/PicsArt_09-16-11.48.49-scaled.jpg",2560,2560,false],"thumbnail":["https:\/\/dracs.es\/wp-content\/uploads\/2020\/09\/PicsArt_09-16-11.48.49-150x150.jpg",150,150,true],"medium":["https:\/\/dracs.es\/wp-content\/uploads\/2020\/09\/PicsArt_09-16-11.48.49-300x300.jpg",300,300,true],"medium_large":["https:\/\/dracs.es\/wp-content\/uploads\/2020\/09\/PicsArt_09-16-11.48.49-768x768.jpg",768,768,true],"large":["https:\/\/dracs.es\/wp-content\/uploads\/2020\/09\/PicsArt_09-16-11.48.49-1024x1024.jpg",1024,1024,true],"1536x1536":["https:\/\/dracs.es\/wp-content\/uploads\/2020\/09\/PicsArt_09-16-11.48.49-1536x1536.jpg",1536,1536,true],"2048x2048":["https:\/\/dracs.es\/wp-content\/uploads\/2020\/09\/PicsArt_09-16-11.48.49-2048x2048.jpg",2048,2048,true],"post-thumbnail":["https:\/\/dracs.es\/wp-content\/uploads\/2020\/09\/PicsArt_09-16-11.48.49-1568x1568.jpg",300,300,true],"envo-one-img":["https:\/\/dracs.es\/wp-content\/uploads\/2020\/09\/PicsArt_09-16-11.48.49-scaled.jpg",540,540,false],"woocommerce_thumbnail":["https:\/\/dracs.es\/wp-content\/uploads\/2020\/09\/PicsArt_09-16-11.48.49-scaled-300x300.jpg",300,300,true],"woocommerce_single":["https:\/\/dracs.es\/wp-content\/uploads\/2020\/09\/PicsArt_09-16-11.48.49-scaled-600x600.jpg",600,600,true],"woocommerce_gallery_thumbnail":["https:\/\/dracs.es\/wp-content\/uploads\/2020\/09\/PicsArt_09-16-11.48.49-scaled-100x100.jpg",100,100,true]},"post_excerpt_stackable_v2":"<p>En primer lloc, desitgem que vosotres i els vostres sers estimats estigueu todes b\u00e9 i que les conseq\u00fc\u00e8ncies de la crisi sanit\u00e0ria, que ens est\u00e0 tocant viure, estiguen tenint el menor impacte negatiu en les vostres vides. Per a poder assegurar la salut de totes les persones s\u00f2cies del Club i les d&#8217;aquelles persones que fan \u00fas dels mateixos espais que nosotres, hem desenvolupat un document que compr\u00e9n els protocols d&#8217;acc\u00e9s, \u00fas d&#8217;instal\u00b7lacions, actuaci\u00f3 en cas de l&#8217;aparici\u00f3 de s\u00edmptomes, etc. Tamb\u00e9 hem habilitat un correu electr\u00f2nic covid@dracs.es i un tel\u00e8fon 623141719 per a contactar en cas de l&#8217;aparici\u00f3 de&hellip;<\/p>\n","category_list_v2":"<a href=\"https:\/\/dracs.es\/vl\/category\/uncategorized\/\" rel=\"category tag\">Uncategorized<\/a>","author_info_v2":{"name":"admin","url":"https:\/\/dracs.es\/vl\/author\/celgtbivalencia\/"},"comments_num_v2":"0 comments","_links":{"self":[{"href":"https:\/\/dracs.es\/vl\/wp-json\/wp\/v2\/posts\/2321","targetHints":{"allow":["GET"]}}],"collection":[{"href":"https:\/\/dracs.es\/vl\/wp-json\/wp\/v2\/posts"}],"about":[{"href":"https:\/\/dracs.es\/vl\/wp-json\/wp\/v2\/types\/post"}],"author":[{"embeddable":true,"href":"https:\/\/dracs.es\/vl\/wp-json\/wp\/v2\/users\/1"}],"replies":[{"embeddable":true,"href":"https:\/\/dracs.es\/vl\/wp-json\/wp\/v2\/comments?post=2321"}],"version-history":[{"count":6,"href":"https:\/\/dracs.es\/vl\/wp-json\/wp\/v2\/posts\/2321\/revisions"}],"predecessor-version":[{"id":2362,"href":"https:\/\/dracs.es\/vl\/wp-json\/wp\/v2\/posts\/2321\/revisions\/2362"}],"wp:featuredmedia":[{"embeddable":true,"href":"https:\/\/dracs.es\/vl\/wp-json\/wp\/v2\/media\/2334"}],"wp:attachment":[{"href":"https:\/\/dracs.es\/vl\/wp-json\/wp\/v2\/media?parent=2321"}],"wp:term":[{"taxonomy":"category","embeddable":true,"href":"https:\/\/dracs.es\/vl\/wp-json\/wp\/v2\/categories?post=2321"},{"taxonomy":"post_tag","embeddable":true,"href":"https:\/\/dracs.es\/vl\/wp-json\/wp\/v2\/tags?post=2321"}],"curies":[{"name":"wp","href":"https:\/\/api.w.org\/{rel}","templated":true}]}}