{"id":2439,"date":"2020-09-28T14:56:01","date_gmt":"2020-09-28T12:56:01","guid":{"rendered":"https:\/\/dracs.es\/?p=2439"},"modified":"2020-09-28T14:59:12","modified_gmt":"2020-09-28T12:59:12","slug":"recta-final-concurso-equipacion-del-c-e-lgbti-dracs-valencia","status":"publish","type":"post","link":"https:\/\/dracs.es\/vl\/recta-final-concurso-equipacion-del-c-e-lgbti-dracs-valencia\/","title":{"rendered":"Recta final concurse equipament del C.E. LGBTI+ DRACS Val\u00e8ncia"},"content":{"rendered":"\n<p>Quatre propostes han sigut preseleccionades per a ser elegibles per votaci\u00f3 per part de les persones s\u00f2cies del Club Esportiu LGBTI+ DRACS Val\u00e8ncia.<\/p>\n\n\n\n<p>El proc\u00e9s de votaci\u00f3 comen\u00e7ar\u00e0 en breu i les persones s\u00f2cies del Club rebran un formulari de votaci\u00f3 en el seu correu electr\u00f2nic.<\/p>\n\n\n\n<p>A m\u00e9s s&#8217;ha incorporat una <a href=\"https:\/\/www.instagram.com\/dracslgtbi\" data-type=\"URL\" data-aneu=\"https:\/\/www.instagram.com\/dracslgtbi\">campanya en Instagram<\/a> que permetr\u00e0 a una de les propostes rebre dos vots addicionals. La mec\u00e0nica de la campanya en xarxes \u00e9s la seg\u00fcent: La proposta que reba m\u00e9s &#8220;m&#8217;agrada&#8221;acompanyats de l&#8217;esment d&#8217;un@ amnigo@ rebr\u00e0 dos vots addicionals en el c\u00f2mput final de vots per a ser triada com a equipament de la temporada 2020-2021 del Club Esportiu LGTBI+ DRACS Val\u00e8ncia.<\/p>\n\n\n\n<p>Les propostes rebudes han sigut les seg\u00fcents:<\/p>\n\n\n\n<div class=\"wp-block-coblocks-gallery-offset alignwide\"><ul class=\"coblocks-gallery has-caption-style-dark has-small-images has-medium-gutter\"><li class=\"coblocks-gallery--item\"><figure class=\"wp-block-coblocks-gallery-offset__figure\"><img loading=\"lazy\" decoding=\"async\" width=\"1024\" height=\"853\" src=\"https:\/\/dracs.es\/wp-content\/uploads\/2020\/09\/PROPUESTA-05-copia-2-1024x853.jpg\" alt=\"\" data-id=\"2460\" data-imglink=\"\" data-link=\"https:\/\/dracs.es\/recta-final-concurso-equipacion-del-c-e-lgbti-dracs-valencia\/propuesta-05-copia-2\/\" class=\"wp-image-2460\" srcset=\"https:\/\/dracs.es\/wp-content\/uploads\/2020\/09\/PROPUESTA-05-copia-2-1024x853.jpg 1024w, https:\/\/dracs.es\/wp-content\/uploads\/2020\/09\/PROPUESTA-05-copia-2-300x250.jpg 300w, https:\/\/dracs.es\/wp-content\/uploads\/2020\/09\/PROPUESTA-05-copia-2-scaled-600x500.jpg 600w, https:\/\/dracs.es\/wp-content\/uploads\/2020\/09\/PROPUESTA-05-copia-2-768x640.jpg 768w, https:\/\/dracs.es\/wp-content\/uploads\/2020\/09\/PROPUESTA-05-copia-2-480x400.jpg 480w, https:\/\/dracs.es\/wp-content\/uploads\/2020\/09\/PROPUESTA-05-copia-2-1536x1280.jpg 1536w, https:\/\/dracs.es\/wp-content\/uploads\/2020\/09\/PROPUESTA-05-copia-2-2048x1707.jpg 2048w, https:\/\/dracs.es\/wp-content\/uploads\/2020\/09\/PROPUESTA-05-copia-2-scaled-245x204.jpg 245w\" sizes=\"auto, (max-width: 1024px) 100vw, 1024px\" \/><\/figure><\/li><li class=\"coblocks-gallery--item\"><figure class=\"wp-block-coblocks-gallery-offset__figure\"><img loading=\"lazy\" decoding=\"async\" width=\"2560\" height=\"2133\" src=\"https:\/\/dracs.es\/wp-content\/uploads\/2020\/09\/PROPUESTA-03-copia-3-scaled.jpg\" alt=\"\" data-id=\"2458\" data-imglink=\"\" data-link=\"https:\/\/dracs.es\/recta-final-concurso-equipacion-del-c-e-lgbti-dracs-valencia\/propuesta-03-copia-3\/\" class=\"wp-image-2458\" srcset=\"https:\/\/dracs.es\/wp-content\/uploads\/2020\/09\/PROPUESTA-03-copia-3-scaled.jpg 2560w, https:\/\/dracs.es\/wp-content\/uploads\/2020\/09\/PROPUESTA-03-copia-3-scaled-300x250.jpg 300w, https:\/\/dracs.es\/wp-content\/uploads\/2020\/09\/PROPUESTA-03-copia-3-scaled-600x500.jpg 600w\" sizes=\"auto, (max-width: 2560px) 100vw, 2560px\" \/><\/figure><\/li><li class=\"coblocks-gallery--item\"><figure class=\"wp-block-coblocks-gallery-offset__figure\"><img loading=\"lazy\" decoding=\"async\" width=\"1024\" height=\"853\" src=\"https:\/\/dracs.es\/wp-content\/uploads\/2020\/09\/PROPUESTA-02-copia-2-1024x853.jpg\" alt=\"\" data-id=\"2451\" data-imglink=\"\" data-link=\"https:\/\/dracs.es\/recta-final-concurso-equipacion-del-c-e-lgbti-dracs-valencia\/propuesta-02-copia-2\/\" class=\"wp-image-2451\" srcset=\"https:\/\/dracs.es\/wp-content\/uploads\/2020\/09\/PROPUESTA-02-copia-2-1024x853.jpg 1024w, https:\/\/dracs.es\/wp-content\/uploads\/2020\/09\/PROPUESTA-02-copia-2-300x250.jpg 300w, https:\/\/dracs.es\/wp-content\/uploads\/2020\/09\/PROPUESTA-02-copia-2-scaled-600x500.jpg 600w, https:\/\/dracs.es\/wp-content\/uploads\/2020\/09\/PROPUESTA-02-copia-2-768x640.jpg 768w, https:\/\/dracs.es\/wp-content\/uploads\/2020\/09\/PROPUESTA-02-copia-2-480x400.jpg 480w, https:\/\/dracs.es\/wp-content\/uploads\/2020\/09\/PROPUESTA-02-copia-2-1536x1280.jpg 1536w, https:\/\/dracs.es\/wp-content\/uploads\/2020\/09\/PROPUESTA-02-copia-2-2048x1707.jpg 2048w, https:\/\/dracs.es\/wp-content\/uploads\/2020\/09\/PROPUESTA-02-copia-2-scaled-245x204.jpg 245w\" sizes=\"auto, (max-width: 1024px) 100vw, 1024px\" \/><\/figure><\/li><li class=\"coblocks-gallery--item\"><figure class=\"wp-block-coblocks-gallery-offset__figure\"><img loading=\"lazy\" decoding=\"async\" width=\"1024\" height=\"853\" src=\"https:\/\/dracs.es\/wp-content\/uploads\/2020\/09\/PROPUESTA-01-copia-1-1024x853.jpg\" alt=\"\" data-id=\"2441\" data-imglink=\"\" data-link=\"https:\/\/dracs.es\/recta-final-concurso-equipacion-del-c-e-lgbti-dracs-valencia\/propuesta-01-copia-1\/\" class=\"wp-image-2441\" srcset=\"https:\/\/dracs.es\/wp-content\/uploads\/2020\/09\/PROPUESTA-01-copia-1-1024x853.jpg 1024w, https:\/\/dracs.es\/wp-content\/uploads\/2020\/09\/PROPUESTA-01-copia-1-300x250.jpg 300w, https:\/\/dracs.es\/wp-content\/uploads\/2020\/09\/PROPUESTA-01-copia-1-scaled-600x500.jpg 600w, https:\/\/dracs.es\/wp-content\/uploads\/2020\/09\/PROPUESTA-01-copia-1-768x640.jpg 768w, https:\/\/dracs.es\/wp-content\/uploads\/2020\/09\/PROPUESTA-01-copia-1-480x400.jpg 480w, https:\/\/dracs.es\/wp-content\/uploads\/2020\/09\/PROPUESTA-01-copia-1-1536x1280.jpg 1536w, https:\/\/dracs.es\/wp-content\/uploads\/2020\/09\/PROPUESTA-01-copia-1-2048x1707.jpg 2048w, https:\/\/dracs.es\/wp-content\/uploads\/2020\/09\/PROPUESTA-01-copia-1-scaled-245x204.jpg 245w\" sizes=\"auto, (max-width: 1024px) 100vw, 1024px\" \/><\/figure><\/li><\/ul><\/div>\n\n\n\n<p><\/p>\n","protected":false},"excerpt":{"rendered":"<p>Quatre propostes han sigut preseleccionades per a ser elegibles per votaci\u00f3 per part de les persones s\u00f2cies del Club Esportiu LGBTI+ DRACS Val\u00e8ncia. El proc\u00e9s de votaci\u00f3 comen\u00e7ar\u00e0 en breu i les persones s\u00f2cies del Club rebran un formulari de votaci\u00f3 en el seu correu electr\u00f2nic. A m\u00e9s s&#8217;ha incorporat una campanya en Instagram que&hellip;<\/p>\n","protected":false},"author":1,"featured_media":2434,"comment_status":"open","ping_status":"open","sticky":false,"template":"","format":"standard","meta":{"pmpro_default_level":"","footnotes":""},"categories":[1],"tags":[],"class_list":["post-2439","post","type-post","status-publish","format-standard","has-post-thumbnail","hentry","category-uncategorized","pmpro-has-access"],"translation":{"provider":"WPGlobus","version":"3.0.2","language":"vl","enabled_languages":["es","vl"],"languages":{"es":{"title":true,"content":true,"excerpt":false},"vl":{"title":true,"content":true,"excerpt":false}}},"featured_image_urls_v2":{"full":["https:\/\/dracs.es\/wp-content\/uploads\/2020\/09\/propuestas-scaled.jpg",2560,761,false],"thumbnail":["https:\/\/dracs.es\/wp-content\/uploads\/2020\/09\/propuestas-150x150.jpg",150,150,true],"medium":["https:\/\/dracs.es\/wp-content\/uploads\/2020\/09\/propuestas-300x89.jpg",300,89,true],"medium_large":["https:\/\/dracs.es\/wp-content\/uploads\/2020\/09\/propuestas-768x228.jpg",768,228,true],"large":["https:\/\/dracs.es\/wp-content\/uploads\/2020\/09\/propuestas-1024x304.jpg",1024,304,true],"1536x1536":["https:\/\/dracs.es\/wp-content\/uploads\/2020\/09\/propuestas-1536x457.jpg",1536,457,true],"2048x2048":["https:\/\/dracs.es\/wp-content\/uploads\/2020\/09\/propuestas-2048x609.jpg",2048,609,true],"post-thumbnail":["https:\/\/dracs.es\/wp-content\/uploads\/2020\/09\/propuestas-373x280.jpg",300,225,true],"envo-one-img":["https:\/\/dracs.es\/wp-content\/uploads\/2020\/09\/propuestas-scaled.jpg",1250,372,false],"woocommerce_thumbnail":["https:\/\/dracs.es\/wp-content\/uploads\/2020\/09\/propuestas-scaled-300x89.jpg",300,89,true],"woocommerce_single":["https:\/\/dracs.es\/wp-content\/uploads\/2020\/09\/propuestas-scaled-600x178.jpg",600,178,true],"woocommerce_gallery_thumbnail":["https:\/\/dracs.es\/wp-content\/uploads\/2020\/09\/propuestas-scaled-100x100.jpg",100,100,true]},"post_excerpt_stackable_v2":"<p>Quatre propostes han sigut preseleccionades per a ser elegibles per votaci\u00f3 per part de les persones s\u00f2cies del Club Esportiu LGBTI+ DRACS Val\u00e8ncia. El proc\u00e9s de votaci\u00f3 comen\u00e7ar\u00e0 en breu i les persones s\u00f2cies del Club rebran un formulari de votaci\u00f3 en el seu correu electr\u00f2nic. A m\u00e9s s&#8217;ha incorporat una campanya en Instagram que permetr\u00e0 a una de les propostes rebre dos vots addicionals. La mec\u00e0nica de la campanya en xarxes \u00e9s la seg\u00fcent: La proposta que reba m\u00e9s &#8220;m&#8217;agrada&#8221;acompanyats de l&#8217;esment d&#8217;un@ amnigo@ rebr\u00e0 dos vots addicionals en el c\u00f2mput final de vots per a ser triada com&hellip;<\/p>\n","category_list_v2":"<a href=\"https:\/\/dracs.es\/vl\/category\/uncategorized\/\" rel=\"category tag\">Uncategorized<\/a>","author_info_v2":{"name":"admin","url":"https:\/\/dracs.es\/vl\/author\/celgtbivalencia\/"},"comments_num_v2":"0 comments","_links":{"self":[{"href":"https:\/\/dracs.es\/vl\/wp-json\/wp\/v2\/posts\/2439","targetHints":{"allow":["GET"]}}],"collection":[{"href":"https:\/\/dracs.es\/vl\/wp-json\/wp\/v2\/posts"}],"about":[{"href":"https:\/\/dracs.es\/vl\/wp-json\/wp\/v2\/types\/post"}],"author":[{"embeddable":true,"href":"https:\/\/dracs.es\/vl\/wp-json\/wp\/v2\/users\/1"}],"replies":[{"embeddable":true,"href":"https:\/\/dracs.es\/vl\/wp-json\/wp\/v2\/comments?post=2439"}],"version-history":[{"count":5,"href":"https:\/\/dracs.es\/vl\/wp-json\/wp\/v2\/posts\/2439\/revisions"}],"predecessor-version":[{"id":2461,"href":"https:\/\/dracs.es\/vl\/wp-json\/wp\/v2\/posts\/2439\/revisions\/2461"}],"wp:featuredmedia":[{"embeddable":true,"href":"https:\/\/dracs.es\/vl\/wp-json\/wp\/v2\/media\/2434"}],"wp:attachment":[{"href":"https:\/\/dracs.es\/vl\/wp-json\/wp\/v2\/media?parent=2439"}],"wp:term":[{"taxonomy":"category","embeddable":true,"href":"https:\/\/dracs.es\/vl\/wp-json\/wp\/v2\/categories?post=2439"},{"taxonomy":"post_tag","embeddable":true,"href":"https:\/\/dracs.es\/vl\/wp-json\/wp\/v2\/tags?post=2439"}],"curies":[{"name":"wp","href":"https:\/\/api.w.org\/{rel}","templated":true}]}}