{"id":2462,"date":"2020-10-01T12:57:13","date_gmt":"2020-10-01T10:57:13","guid":{"rendered":"https:\/\/dracs.es\/?p=2462"},"modified":"2020-12-18T14:27:37","modified_gmt":"2020-12-18T13:27:37","slug":"el-club-esportiu-lgbti-dracs-valencia-recoge-el-premio-al-deporte-inclusivo-pasa-la-bola-en-categoria-de-diversidad-de-genero-de-la-asociacion-promis","status":"publish","type":"post","link":"https:\/\/dracs.es\/vl\/el-club-esportiu-lgbti-dracs-valencia-recoge-el-premio-al-deporte-inclusivo-pasa-la-bola-en-categoria-de-diversidad-de-genero-de-la-asociacion-promis\/","title":{"rendered":"El Club Esportiu LGBTI+ DRACS Val\u00e8ncia recull el Premi a l&#8217;esport inclusiu &#8220;Pansa la Bola&#8221; en categoria de Diversitat de G\u00e8nere de l&#8217;Associaci\u00f3 PROMIS"},"content":{"rendered":"\n<p>En una gala emmarcada en la celebraci\u00f3 de la \u00ab<strong>Setmana Europea de l&#8217;Esport<\/strong>\u00bb, amb exhibicions a l&#8217;aire lliure d&#8217;un partit d&#8217;exhibici\u00f3 de A-ball (futbol en cadira), pr\u00e0ctiques de navegaci\u00f3 de xiquets (6-11 anys) de l&#8217;Escola Municipal de Vela de la Federaci\u00f3 de Vela de la Comunitat Valenciana i una exhibici\u00f3 de l&#8217;equip de Dragon Boat Marina Val\u00e8ncia BCS-ACS en el canal del port esportiu, el Club Esportiu LGTBI+ DRACS Val\u00e8ncia rebem, juntament amb altres grans propostes un dels guardons que l&#8217;Associaci\u00f3 PROMIS atorga als projectes de l&#8217;esport inclusiu.<\/p>\n\n\n\n<p>Reconeixements honor\u00edfics a l&#8217;esport inclusiu:<br>\u2013 Traject\u00f2ria en el surf adaptat: Club Esportiu Fort Tribu. Corralejo (Fuerteventura).<br>\u2013 Innovaci\u00f3 en el futbol adaptat: A-Ball.<\/p>\n\n\n\n<figure class=\"wp-block-embed is-type-video is-provider-youtube wp-block-embed-youtube wp-embed-aspect-16-9 wp-has-aspect-ratio\"><div class=\"wp-block-embed__wrapper\">\n<iframe loading=\"lazy\" title=\"Gala II Premios al deporte inclusivo\" width=\"1140\" height=\"641\" src=\"https:\/\/www.youtube.com\/embed\/wl-4dkJk080?feature=oembed\" frameborder=\"0\" allow=\"accelerometer; autoplay; clipboard-write; encrypted-media; gyroscope; picture-in-picture; web-share\" referrerpolicy=\"strict-origin-when-cross-origin\" allowfullscreen><\/iframe>\n<\/div><\/figure>\n\n\n\n<p>Premios:<br>\u2013 <strong>Deporte emergente<\/strong>: Colpbol -Associaci\u00f3 Esportiva Colpbol-<br>\u2013 <strong>Diversidad de g\u00e9nero<\/strong>: Club Esportiu LGTBI+ DRACS Val\u00e8ncia<br>\u2013 <strong>Ecosistema deportivo<\/strong>: A\u00f1ade vida a los a\u00f1os -Entrena Diferente-<br>\u2013 <strong>Integraci\u00f3n social<\/strong>: SPORTSA<br>\u2013 <strong>Deporte adaptado<\/strong>: BAMESAD, Cocemfe Maestrat<\/p>\n\n\n\n<figure class=\"wp-block-embed is-type-video is-provider-youtube wp-block-embed-youtube wp-embed-aspect-16-9 wp-has-aspect-ratio\"><div class=\"wp-block-embed__wrapper\">\n<iframe loading=\"lazy\" title=\"Premio diversidad de ge\u0301nero en el deporte: DRACS Val\u00e8ncia\" width=\"1140\" height=\"641\" src=\"https:\/\/www.youtube.com\/embed\/Dc-sK7ArQTw?feature=oembed\" frameborder=\"0\" allow=\"accelerometer; autoplay; clipboard-write; encrypted-media; gyroscope; picture-in-picture; web-share\" referrerpolicy=\"strict-origin-when-cross-origin\" allowfullscreen><\/iframe>\n<\/div><\/figure>\n\n\n\n<figure class=\"wp-block-gallery columns-3 is-cropped wp-block-gallery-1 is-layout-flex wp-block-gallery-is-layout-flex\"><ul class=\"blocks-gallery-grid\"><li class=\"blocks-gallery-item\"><figure><img loading=\"lazy\" decoding=\"async\" width=\"1024\" height=\"492\" src=\"https:\/\/dracs.es\/wp-content\/uploads\/2020\/12\/Screenshot_2020-09-27-11-43-14-731_com.google.android.youtube-1024x492.jpg\" alt=\"\" data-id=\"2743\" data-link=\"https:\/\/dracs.es\/el-club-esportiu-lgbti-dracs-valencia-recoge-el-premio-al-deporte-inclusivo-pasa-la-bola-en-categoria-de-diversidad-de-genero-de-la-asociacion-promis\/screenshot_2020-09-27-11-43-14-731_com-google-android-youtube\/\" class=\"wp-image-2743\" srcset=\"https:\/\/dracs.es\/wp-content\/uploads\/2020\/12\/Screenshot_2020-09-27-11-43-14-731_com.google.android.youtube-1024x492.jpg 1024w, https:\/\/dracs.es\/wp-content\/uploads\/2020\/12\/Screenshot_2020-09-27-11-43-14-731_com.google.android.youtube-300x144.jpg 300w, https:\/\/dracs.es\/wp-content\/uploads\/2020\/12\/Screenshot_2020-09-27-11-43-14-731_com.google.android.youtube-600x288.jpg 600w, https:\/\/dracs.es\/wp-content\/uploads\/2020\/12\/Screenshot_2020-09-27-11-43-14-731_com.google.android.youtube-768x369.jpg 768w, https:\/\/dracs.es\/wp-content\/uploads\/2020\/12\/Screenshot_2020-09-27-11-43-14-731_com.google.android.youtube-1536x738.jpg 1536w, https:\/\/dracs.es\/wp-content\/uploads\/2020\/12\/Screenshot_2020-09-27-11-43-14-731_com.google.android.youtube-245x118.jpg 245w, https:\/\/dracs.es\/wp-content\/uploads\/2020\/12\/Screenshot_2020-09-27-11-43-14-731_com.google.android.youtube.jpg 1920w\" sizes=\"auto, (max-width: 1024px) 100vw, 1024px\" \/><\/figure><\/li><li class=\"blocks-gallery-item\"><figure><img loading=\"lazy\" decoding=\"async\" width=\"1024\" height=\"492\" src=\"https:\/\/dracs.es\/wp-content\/uploads\/2020\/12\/Screenshot_2020-09-27-11-42-20-505_com.google.android.youtube-1024x492.jpg\" alt=\"\" data-id=\"2742\" data-link=\"https:\/\/dracs.es\/el-club-esportiu-lgbti-dracs-valencia-recoge-el-premio-al-deporte-inclusivo-pasa-la-bola-en-categoria-de-diversidad-de-genero-de-la-asociacion-promis\/screenshot_2020-09-27-11-42-20-505_com-google-android-youtube\/\" class=\"wp-image-2742\" srcset=\"https:\/\/dracs.es\/wp-content\/uploads\/2020\/12\/Screenshot_2020-09-27-11-42-20-505_com.google.android.youtube-1024x492.jpg 1024w, https:\/\/dracs.es\/wp-content\/uploads\/2020\/12\/Screenshot_2020-09-27-11-42-20-505_com.google.android.youtube-300x144.jpg 300w, https:\/\/dracs.es\/wp-content\/uploads\/2020\/12\/Screenshot_2020-09-27-11-42-20-505_com.google.android.youtube-600x288.jpg 600w, https:\/\/dracs.es\/wp-content\/uploads\/2020\/12\/Screenshot_2020-09-27-11-42-20-505_com.google.android.youtube-768x369.jpg 768w, https:\/\/dracs.es\/wp-content\/uploads\/2020\/12\/Screenshot_2020-09-27-11-42-20-505_com.google.android.youtube-1536x738.jpg 1536w, https:\/\/dracs.es\/wp-content\/uploads\/2020\/12\/Screenshot_2020-09-27-11-42-20-505_com.google.android.youtube-245x118.jpg 245w, https:\/\/dracs.es\/wp-content\/uploads\/2020\/12\/Screenshot_2020-09-27-11-42-20-505_com.google.android.youtube.jpg 1920w\" sizes=\"auto, (max-width: 1024px) 100vw, 1024px\" \/><\/figure><\/li><li class=\"blocks-gallery-item\"><figure><img loading=\"lazy\" decoding=\"async\" width=\"1024\" height=\"492\" src=\"https:\/\/dracs.es\/wp-content\/uploads\/2020\/12\/Screenshot_2020-09-27-10-36-09-537_com.google.android.youtube-1024x492.jpg\" alt=\"\" data-id=\"2741\" data-link=\"https:\/\/dracs.es\/el-club-esportiu-lgbti-dracs-valencia-recoge-el-premio-al-deporte-inclusivo-pasa-la-bola-en-categoria-de-diversidad-de-genero-de-la-asociacion-promis\/screenshot_2020-09-27-10-36-09-537_com-google-android-youtube\/\" class=\"wp-image-2741\" srcset=\"https:\/\/dracs.es\/wp-content\/uploads\/2020\/12\/Screenshot_2020-09-27-10-36-09-537_com.google.android.youtube-1024x492.jpg 1024w, https:\/\/dracs.es\/wp-content\/uploads\/2020\/12\/Screenshot_2020-09-27-10-36-09-537_com.google.android.youtube-300x144.jpg 300w, https:\/\/dracs.es\/wp-content\/uploads\/2020\/12\/Screenshot_2020-09-27-10-36-09-537_com.google.android.youtube-600x288.jpg 600w, https:\/\/dracs.es\/wp-content\/uploads\/2020\/12\/Screenshot_2020-09-27-10-36-09-537_com.google.android.youtube-768x369.jpg 768w, https:\/\/dracs.es\/wp-content\/uploads\/2020\/12\/Screenshot_2020-09-27-10-36-09-537_com.google.android.youtube-1536x738.jpg 1536w, https:\/\/dracs.es\/wp-content\/uploads\/2020\/12\/Screenshot_2020-09-27-10-36-09-537_com.google.android.youtube-245x118.jpg 245w, https:\/\/dracs.es\/wp-content\/uploads\/2020\/12\/Screenshot_2020-09-27-10-36-09-537_com.google.android.youtube.jpg 1920w\" sizes=\"auto, (max-width: 1024px) 100vw, 1024px\" \/><\/figure><\/li><li class=\"blocks-gallery-item\"><figure><img loading=\"lazy\" decoding=\"async\" width=\"1024\" height=\"492\" src=\"https:\/\/dracs.es\/wp-content\/uploads\/2020\/12\/Screenshot_2020-09-26-16-42-45-610_com.twitter.android-1024x492.jpg\" alt=\"\" data-id=\"2740\" data-link=\"https:\/\/dracs.es\/el-club-esportiu-lgbti-dracs-valencia-recoge-el-premio-al-deporte-inclusivo-pasa-la-bola-en-categoria-de-diversidad-de-genero-de-la-asociacion-promis\/screenshot_2020-09-26-16-42-45-610_com-twitter-android\/\" class=\"wp-image-2740\" srcset=\"https:\/\/dracs.es\/wp-content\/uploads\/2020\/12\/Screenshot_2020-09-26-16-42-45-610_com.twitter.android-1024x492.jpg 1024w, https:\/\/dracs.es\/wp-content\/uploads\/2020\/12\/Screenshot_2020-09-26-16-42-45-610_com.twitter.android-300x144.jpg 300w, https:\/\/dracs.es\/wp-content\/uploads\/2020\/12\/Screenshot_2020-09-26-16-42-45-610_com.twitter.android-600x288.jpg 600w, https:\/\/dracs.es\/wp-content\/uploads\/2020\/12\/Screenshot_2020-09-26-16-42-45-610_com.twitter.android-768x369.jpg 768w, https:\/\/dracs.es\/wp-content\/uploads\/2020\/12\/Screenshot_2020-09-26-16-42-45-610_com.twitter.android-1536x738.jpg 1536w, https:\/\/dracs.es\/wp-content\/uploads\/2020\/12\/Screenshot_2020-09-26-16-42-45-610_com.twitter.android-245x118.jpg 245w, https:\/\/dracs.es\/wp-content\/uploads\/2020\/12\/Screenshot_2020-09-26-16-42-45-610_com.twitter.android.jpg 1920w\" sizes=\"auto, (max-width: 1024px) 100vw, 1024px\" \/><\/figure><\/li><li class=\"blocks-gallery-item\"><figure><img loading=\"lazy\" decoding=\"async\" width=\"1024\" height=\"576\" src=\"https:\/\/dracs.es\/wp-content\/uploads\/2020\/12\/IMG_20200926_132842-1024x576.jpg\" alt=\"\" data-id=\"2739\" data-link=\"https:\/\/dracs.es\/el-club-esportiu-lgbti-dracs-valencia-recoge-el-premio-al-deporte-inclusivo-pasa-la-bola-en-categoria-de-diversidad-de-genero-de-la-asociacion-promis\/img_20200926_132842\/\" class=\"wp-image-2739\" srcset=\"https:\/\/dracs.es\/wp-content\/uploads\/2020\/12\/IMG_20200926_132842-1024x576.jpg 1024w, https:\/\/dracs.es\/wp-content\/uploads\/2020\/12\/IMG_20200926_132842-300x169.jpg 300w, https:\/\/dracs.es\/wp-content\/uploads\/2020\/12\/IMG_20200926_132842-600x337.jpg 600w, https:\/\/dracs.es\/wp-content\/uploads\/2020\/12\/IMG_20200926_132842-768x432.jpg 768w, https:\/\/dracs.es\/wp-content\/uploads\/2020\/12\/IMG_20200926_132842-1536x864.jpg 1536w, https:\/\/dracs.es\/wp-content\/uploads\/2020\/12\/IMG_20200926_132842-373x210.jpg 373w, https:\/\/dracs.es\/wp-content\/uploads\/2020\/12\/IMG_20200926_132842-245x138.jpg 245w, https:\/\/dracs.es\/wp-content\/uploads\/2020\/12\/IMG_20200926_132842.jpg 1718w\" sizes=\"auto, (max-width: 1024px) 100vw, 1024px\" \/><\/figure><\/li><li class=\"blocks-gallery-item\"><figure><img loading=\"lazy\" decoding=\"async\" width=\"399\" height=\"224\" src=\"https:\/\/dracs.es\/wp-content\/uploads\/2020\/12\/IMG_20200926_124407_1.jpg\" alt=\"\" data-id=\"2738\" data-link=\"https:\/\/dracs.es\/el-club-esportiu-lgbti-dracs-valencia-recoge-el-premio-al-deporte-inclusivo-pasa-la-bola-en-categoria-de-diversidad-de-genero-de-la-asociacion-promis\/img_20200926_124407_1\/\" class=\"wp-image-2738\" srcset=\"https:\/\/dracs.es\/wp-content\/uploads\/2020\/12\/IMG_20200926_124407_1.jpg 399w, https:\/\/dracs.es\/wp-content\/uploads\/2020\/12\/IMG_20200926_124407_1-300x168.jpg 300w, https:\/\/dracs.es\/wp-content\/uploads\/2020\/12\/IMG_20200926_124407_1-350x196.jpg 350w, https:\/\/dracs.es\/wp-content\/uploads\/2020\/12\/IMG_20200926_124407_1-373x210.jpg 373w, https:\/\/dracs.es\/wp-content\/uploads\/2020\/12\/IMG_20200926_124407_1-245x138.jpg 245w\" sizes=\"auto, (max-width: 399px) 100vw, 399px\" \/><\/figure><\/li><li class=\"blocks-gallery-item\"><figure><img loading=\"lazy\" decoding=\"async\" width=\"1024\" height=\"576\" src=\"https:\/\/dracs.es\/wp-content\/uploads\/2020\/12\/IMG_20200926_120243-1024x576.jpg\" alt=\"\" data-id=\"2737\" data-link=\"https:\/\/dracs.es\/el-club-esportiu-lgbti-dracs-valencia-recoge-el-premio-al-deporte-inclusivo-pasa-la-bola-en-categoria-de-diversidad-de-genero-de-la-asociacion-promis\/img_20200926_120243\/\" class=\"wp-image-2737\" srcset=\"https:\/\/dracs.es\/wp-content\/uploads\/2020\/12\/IMG_20200926_120243-1024x576.jpg 1024w, https:\/\/dracs.es\/wp-content\/uploads\/2020\/12\/IMG_20200926_120243-300x169.jpg 300w, https:\/\/dracs.es\/wp-content\/uploads\/2020\/12\/IMG_20200926_120243-600x337.jpg 600w, https:\/\/dracs.es\/wp-content\/uploads\/2020\/12\/IMG_20200926_120243-768x432.jpg 768w, https:\/\/dracs.es\/wp-content\/uploads\/2020\/12\/IMG_20200926_120243-1536x864.jpg 1536w, https:\/\/dracs.es\/wp-content\/uploads\/2020\/12\/IMG_20200926_120243-373x210.jpg 373w, https:\/\/dracs.es\/wp-content\/uploads\/2020\/12\/IMG_20200926_120243-245x138.jpg 245w, https:\/\/dracs.es\/wp-content\/uploads\/2020\/12\/IMG_20200926_120243.jpg 1718w\" sizes=\"auto, (max-width: 1024px) 100vw, 1024px\" \/><\/figure><\/li><li class=\"blocks-gallery-item\"><figure><img loading=\"lazy\" decoding=\"async\" width=\"399\" height=\"224\" src=\"https:\/\/dracs.es\/wp-content\/uploads\/2020\/12\/IMG_20200926_113028.jpg\" alt=\"\" data-id=\"2736\" data-link=\"https:\/\/dracs.es\/el-club-esportiu-lgbti-dracs-valencia-recoge-el-premio-al-deporte-inclusivo-pasa-la-bola-en-categoria-de-diversidad-de-genero-de-la-asociacion-promis\/img_20200926_113028\/\" class=\"wp-image-2736\" srcset=\"https:\/\/dracs.es\/wp-content\/uploads\/2020\/12\/IMG_20200926_113028.jpg 399w, https:\/\/dracs.es\/wp-content\/uploads\/2020\/12\/IMG_20200926_113028-300x168.jpg 300w, https:\/\/dracs.es\/wp-content\/uploads\/2020\/12\/IMG_20200926_113028-350x196.jpg 350w, https:\/\/dracs.es\/wp-content\/uploads\/2020\/12\/IMG_20200926_113028-373x210.jpg 373w, https:\/\/dracs.es\/wp-content\/uploads\/2020\/12\/IMG_20200926_113028-245x138.jpg 245w\" sizes=\"auto, (max-width: 399px) 100vw, 399px\" \/><\/figure><\/li><li class=\"blocks-gallery-item\"><figure><img loading=\"lazy\" decoding=\"async\" width=\"266\" height=\"190\" src=\"https:\/\/dracs.es\/wp-content\/uploads\/2020\/12\/images.jpg\" alt=\"\" data-id=\"2756\" data-full-url=\"https:\/\/dracs.es\/wp-content\/uploads\/2020\/12\/images.jpg\" data-link=\"https:\/\/dracs.es\/el-club-esportiu-lgbti-dracs-valencia-recoge-el-premio-al-deporte-inclusivo-pasa-la-bola-en-categoria-de-diversidad-de-genero-de-la-asociacion-promis\/images-2\/\" class=\"wp-image-2756\" srcset=\"https:\/\/dracs.es\/wp-content\/uploads\/2020\/12\/images.jpg 266w, https:\/\/dracs.es\/wp-content\/uploads\/2020\/12\/images-245x175.jpg 245w\" sizes=\"auto, (max-width: 266px) 100vw, 266px\" \/><\/figure><\/li><li class=\"blocks-gallery-item\"><figure><img decoding=\"async\" src=\"blob:https:\/\/dracs.es\/c16ccfaf-ba40-4f13-9d67-c8137420ef01\" data-id=\"\"\/><\/figure><\/li><\/ul><\/figure>\n","protected":false},"excerpt":{"rendered":"<p>En una gala emmarcada en la celebraci\u00f3 de la \u00abSetmana Europea de l&#8217;Esport\u00bb, amb exhibicions a l&#8217;aire lliure d&#8217;un partit d&#8217;exhibici\u00f3 de A-ball (futbol en cadira), pr\u00e0ctiques de navegaci\u00f3 de xiquets (6-11 anys) de l&#8217;Escola Municipal de Vela de la Federaci\u00f3 de Vela de la Comunitat Valenciana i una exhibici\u00f3 de l&#8217;equip de Dragon Boat&hellip;<\/p>\n","protected":false},"author":1,"featured_media":2755,"comment_status":"open","ping_status":"open","sticky":false,"template":"","format":"standard","meta":{"pmpro_default_level":"","footnotes":""},"categories":[1],"tags":[],"class_list":["post-2462","post","type-post","status-publish","format-standard","has-post-thumbnail","hentry","category-uncategorized","pmpro-has-access"],"translation":{"provider":"WPGlobus","version":"3.0.2","language":"vl","enabled_languages":["es","vl"],"languages":{"es":{"title":true,"content":true,"excerpt":false},"vl":{"title":true,"content":true,"excerpt":false}}},"featured_image_urls_v2":{"full":["https:\/\/dracs.es\/wp-content\/uploads\/2020\/12\/Screenshot_2020-09-26-16-42-45-610_com.twitter.android-1.jpg",1384,923,false],"thumbnail":["https:\/\/dracs.es\/wp-content\/uploads\/2020\/12\/Screenshot_2020-09-26-16-42-45-610_com.twitter.android-1-150x150.jpg",150,150,true],"medium":["https:\/\/dracs.es\/wp-content\/uploads\/2020\/12\/Screenshot_2020-09-26-16-42-45-610_com.twitter.android-1-300x200.jpg",300,200,true],"medium_large":["https:\/\/dracs.es\/wp-content\/uploads\/2020\/12\/Screenshot_2020-09-26-16-42-45-610_com.twitter.android-1-768x512.jpg",768,512,true],"large":["https:\/\/dracs.es\/wp-content\/uploads\/2020\/12\/Screenshot_2020-09-26-16-42-45-610_com.twitter.android-1-1024x683.jpg",1024,683,true],"1536x1536":["https:\/\/dracs.es\/wp-content\/uploads\/2020\/12\/Screenshot_2020-09-26-16-42-45-610_com.twitter.android-1.jpg",1384,923,false],"2048x2048":["https:\/\/dracs.es\/wp-content\/uploads\/2020\/12\/Screenshot_2020-09-26-16-42-45-610_com.twitter.android-1.jpg",1384,923,false],"post-thumbnail":["https:\/\/dracs.es\/wp-content\/uploads\/2020\/12\/Screenshot_2020-09-26-16-42-45-610_com.twitter.android-1-373x280.jpg",300,225,true],"envo-one-img":["https:\/\/dracs.es\/wp-content\/uploads\/2020\/12\/Screenshot_2020-09-26-16-42-45-610_com.twitter.android-1.jpg",810,540,false],"woocommerce_thumbnail":["https:\/\/dracs.es\/wp-content\/uploads\/2020\/12\/Screenshot_2020-09-26-16-42-45-610_com.twitter.android-1-300x200.jpg",300,200,true],"woocommerce_single":["https:\/\/dracs.es\/wp-content\/uploads\/2020\/12\/Screenshot_2020-09-26-16-42-45-610_com.twitter.android-1-600x400.jpg",600,400,true],"woocommerce_gallery_thumbnail":["https:\/\/dracs.es\/wp-content\/uploads\/2020\/12\/Screenshot_2020-09-26-16-42-45-610_com.twitter.android-1-100x100.jpg",100,100,true]},"post_excerpt_stackable_v2":"<p>En una gala emmarcada en la celebraci\u00f3 de la \u00abSetmana Europea de l&#8217;Esport\u00bb, amb exhibicions a l&#8217;aire lliure d&#8217;un partit d&#8217;exhibici\u00f3 de A-ball (futbol en cadira), pr\u00e0ctiques de navegaci\u00f3 de xiquets (6-11 anys) de l&#8217;Escola Municipal de Vela de la Federaci\u00f3 de Vela de la Comunitat Valenciana i una exhibici\u00f3 de l&#8217;equip de Dragon Boat Marina Val\u00e8ncia BCS-ACS en el canal del port esportiu, el Club Esportiu LGTBI+ DRACS Val\u00e8ncia rebem, juntament amb altres grans propostes un dels guardons que l&#8217;Associaci\u00f3 PROMIS atorga als projectes de l&#8217;esport inclusiu. Reconeixements honor\u00edfics a l&#8217;esport inclusiu:\u2013 Traject\u00f2ria en el surf adaptat: Club Esportiu&hellip;<\/p>\n","category_list_v2":"<a href=\"https:\/\/dracs.es\/vl\/category\/uncategorized\/\" rel=\"category tag\">Uncategorized<\/a>","author_info_v2":{"name":"admin","url":"https:\/\/dracs.es\/vl\/author\/celgtbivalencia\/"},"comments_num_v2":"0 comments","_links":{"self":[{"href":"https:\/\/dracs.es\/vl\/wp-json\/wp\/v2\/posts\/2462","targetHints":{"allow":["GET"]}}],"collection":[{"href":"https:\/\/dracs.es\/vl\/wp-json\/wp\/v2\/posts"}],"about":[{"href":"https:\/\/dracs.es\/vl\/wp-json\/wp\/v2\/types\/post"}],"author":[{"embeddable":true,"href":"https:\/\/dracs.es\/vl\/wp-json\/wp\/v2\/users\/1"}],"replies":[{"embeddable":true,"href":"https:\/\/dracs.es\/vl\/wp-json\/wp\/v2\/comments?post=2462"}],"version-history":[{"count":4,"href":"https:\/\/dracs.es\/vl\/wp-json\/wp\/v2\/posts\/2462\/revisions"}],"predecessor-version":[{"id":2758,"href":"https:\/\/dracs.es\/vl\/wp-json\/wp\/v2\/posts\/2462\/revisions\/2758"}],"wp:featuredmedia":[{"embeddable":true,"href":"https:\/\/dracs.es\/vl\/wp-json\/wp\/v2\/media\/2755"}],"wp:attachment":[{"href":"https:\/\/dracs.es\/vl\/wp-json\/wp\/v2\/media?parent=2462"}],"wp:term":[{"taxonomy":"category","embeddable":true,"href":"https:\/\/dracs.es\/vl\/wp-json\/wp\/v2\/categories?post=2462"},{"taxonomy":"post_tag","embeddable":true,"href":"https:\/\/dracs.es\/vl\/wp-json\/wp\/v2\/tags?post=2462"}],"curies":[{"name":"wp","href":"https:\/\/api.w.org\/{rel}","templated":true}]}}