{"id":2747,"date":"2020-11-20T13:18:07","date_gmt":"2020-11-20T12:18:07","guid":{"rendered":"https:\/\/dracs.es\/?p=2747"},"modified":"2020-12-18T14:26:51","modified_gmt":"2020-12-18T13:26:51","slug":"el-club-esportiu-lgtbi-dracs-en-la-presentacion-del-cartel-del-primer-orgullo-de-alcoi","status":"publish","type":"post","link":"https:\/\/dracs.es\/vl\/el-club-esportiu-lgtbi-dracs-en-la-presentacion-del-cartel-del-primer-orgullo-de-alcoi\/","title":{"rendered":"El Club Esportiu LGTBI+ DRACS en la presentaci\u00f3 del Cartell del primer Orgull d&#8217;Alcoi"},"content":{"rendered":"\n<p>L&#8217;associaci\u00f3 Ponts d&#8217;Igualtat va presentar el cartell del primer orgull 2021 dissabte passat 26 de setembre a les 19:30h en l&#8217;IVAM CADA Alcoi. Durant l&#8217;acte van realitzar un recorregut recordant totes les acciones que ha fet aquest col\u00b7lectiu durant el seu primer any de vida. <\/p>\n\n\n\n<p>El cartell, creada por Orfeu Soler, va ser presentat al final d&#8217;acte con l&#8217;actuaci\u00f3 del Mag Hugo i Noa Villar.<\/p>\n\n\n\n<p>Aquest esdeveniment ha coincidit amb la celebraci\u00f3 del primer aniversari del col\u00b7lectiu LGTBIQ+ de la ciutat d&#8217;Alcoi. Recordar que Aitor Pla, president de l&#8217;entitat, tenia previst celebrar enguany el primer Orgull LGTBI, per\u00f2 a causa de les restriccions derivades de l&#8217;alerta sanit\u00e0ria, no s&#8217;ha pogut dur a terme.<\/p>\n\n\n\n<p>En l&#8217;acte van intervindre Ignasi Jara i Mikel Ayensa en reprentaci\u00f3n  del club Esportiu LGTBI+ DRACS Val\u00e8ncia que treballen conjuntament en la moci\u00f3 de censura a la LGTBIfobia  els espais esportius que va ser presentada por l&#8217;associaci\u00f3 i secundada por ho Ajuntament d&#8217;Alcoi que es va comprometre a treballar con aquestes entitats en un dec\u00e0leg per a alliberar els espais esportius de discriminaci\u00f3. <\/p>\n\n\n\n<figure class=\"wp-block-gallery columns-3 is-cropped wp-block-gallery-1 is-layout-flex wp-block-gallery-is-layout-flex\"><ul class=\"blocks-gallery-grid\"><li class=\"blocks-gallery-item\"><figure><img loading=\"lazy\" decoding=\"async\" width=\"1024\" height=\"575\" src=\"https:\/\/dracs.es\/wp-content\/uploads\/2020\/12\/Screenshot_2020-09-27-10-43-59-942_com.facebook.katana-1024x575.jpg\" alt=\"\" data-id=\"2753\" data-full-url=\"https:\/\/dracs.es\/wp-content\/uploads\/2020\/12\/Screenshot_2020-09-27-10-43-59-942_com.facebook.katana.jpg\" data-link=\"https:\/\/dracs.es\/el-club-esportiu-lgtbi-dracs-en-la-presentacion-del-cartel-del-primer-orgullo-de-alcoi\/screenshot_2020-09-27-10-43-59-942_com-facebook-katana\/\" class=\"wp-image-2753\" srcset=\"https:\/\/dracs.es\/wp-content\/uploads\/2020\/12\/Screenshot_2020-09-27-10-43-59-942_com.facebook.katana-1024x575.jpg 1024w, https:\/\/dracs.es\/wp-content\/uploads\/2020\/12\/Screenshot_2020-09-27-10-43-59-942_com.facebook.katana-300x168.jpg 300w, https:\/\/dracs.es\/wp-content\/uploads\/2020\/12\/Screenshot_2020-09-27-10-43-59-942_com.facebook.katana-600x337.jpg 600w, https:\/\/dracs.es\/wp-content\/uploads\/2020\/12\/Screenshot_2020-09-27-10-43-59-942_com.facebook.katana-768x431.jpg 768w, https:\/\/dracs.es\/wp-content\/uploads\/2020\/12\/Screenshot_2020-09-27-10-43-59-942_com.facebook.katana-1536x862.jpg 1536w, https:\/\/dracs.es\/wp-content\/uploads\/2020\/12\/Screenshot_2020-09-27-10-43-59-942_com.facebook.katana-373x210.jpg 373w, https:\/\/dracs.es\/wp-content\/uploads\/2020\/12\/Screenshot_2020-09-27-10-43-59-942_com.facebook.katana-245x138.jpg 245w, https:\/\/dracs.es\/wp-content\/uploads\/2020\/12\/Screenshot_2020-09-27-10-43-59-942_com.facebook.katana.jpg 1598w\" sizes=\"auto, (max-width: 1024px) 100vw, 1024px\" \/><\/figure><\/li><li class=\"blocks-gallery-item\"><figure><img loading=\"lazy\" decoding=\"async\" width=\"1024\" height=\"576\" src=\"https:\/\/dracs.es\/wp-content\/uploads\/2020\/12\/IMG_20200926_211439_1-1024x576.jpg\" alt=\"\" data-id=\"2751\" data-full-url=\"https:\/\/dracs.es\/wp-content\/uploads\/2020\/12\/IMG_20200926_211439_1.jpg\" data-link=\"https:\/\/dracs.es\/el-club-esportiu-lgtbi-dracs-en-la-presentacion-del-cartel-del-primer-orgullo-de-alcoi\/img_20200926_211439_1\/\" class=\"wp-image-2751\" srcset=\"https:\/\/dracs.es\/wp-content\/uploads\/2020\/12\/IMG_20200926_211439_1-1024x576.jpg 1024w, https:\/\/dracs.es\/wp-content\/uploads\/2020\/12\/IMG_20200926_211439_1-300x169.jpg 300w, https:\/\/dracs.es\/wp-content\/uploads\/2020\/12\/IMG_20200926_211439_1-600x337.jpg 600w, https:\/\/dracs.es\/wp-content\/uploads\/2020\/12\/IMG_20200926_211439_1-768x432.jpg 768w, https:\/\/dracs.es\/wp-content\/uploads\/2020\/12\/IMG_20200926_211439_1-1536x864.jpg 1536w, https:\/\/dracs.es\/wp-content\/uploads\/2020\/12\/IMG_20200926_211439_1-373x210.jpg 373w, https:\/\/dracs.es\/wp-content\/uploads\/2020\/12\/IMG_20200926_211439_1-245x138.jpg 245w, https:\/\/dracs.es\/wp-content\/uploads\/2020\/12\/IMG_20200926_211439_1.jpg 1718w\" sizes=\"auto, (max-width: 1024px) 100vw, 1024px\" \/><\/figure><\/li><li class=\"blocks-gallery-item\"><figure><img loading=\"lazy\" decoding=\"async\" width=\"543\" height=\"650\" src=\"https:\/\/dracs.es\/wp-content\/uploads\/2020\/12\/IMG_20200926_205250.jpg\" alt=\"\" data-id=\"2750\" data-full-url=\"https:\/\/dracs.es\/wp-content\/uploads\/2020\/12\/IMG_20200926_205250.jpg\" data-link=\"https:\/\/dracs.es\/el-club-esportiu-lgtbi-dracs-en-la-presentacion-del-cartel-del-primer-orgullo-de-alcoi\/img_20200926_205250\/\" class=\"wp-image-2750\" srcset=\"https:\/\/dracs.es\/wp-content\/uploads\/2020\/12\/IMG_20200926_205250.jpg 543w, https:\/\/dracs.es\/wp-content\/uploads\/2020\/12\/IMG_20200926_205250-300x359.jpg 300w, https:\/\/dracs.es\/wp-content\/uploads\/2020\/12\/IMG_20200926_205250-350x419.jpg 350w, https:\/\/dracs.es\/wp-content\/uploads\/2020\/12\/IMG_20200926_205250-251x300.jpg 251w, https:\/\/dracs.es\/wp-content\/uploads\/2020\/12\/IMG_20200926_205250-334x400.jpg 334w, https:\/\/dracs.es\/wp-content\/uploads\/2020\/12\/IMG_20200926_205250-245x293.jpg 245w\" sizes=\"auto, (max-width: 543px) 100vw, 543px\" \/><\/figure><\/li><li class=\"blocks-gallery-item\"><figure><img loading=\"lazy\" decoding=\"async\" width=\"1024\" height=\"492\" src=\"https:\/\/dracs.es\/wp-content\/uploads\/2020\/12\/Screenshot_2020-09-27-10-32-02-693_com.whatsapp-1024x492.jpg\" alt=\"\" data-id=\"2752\" data-full-url=\"https:\/\/dracs.es\/wp-content\/uploads\/2020\/12\/Screenshot_2020-09-27-10-32-02-693_com.whatsapp.jpg\" data-link=\"https:\/\/dracs.es\/el-club-esportiu-lgtbi-dracs-en-la-presentacion-del-cartel-del-primer-orgullo-de-alcoi\/screenshot_2020-09-27-10-32-02-693_com-whatsapp\/\" class=\"wp-image-2752\"\/><\/figure><\/li><li class=\"blocks-gallery-item\"><figure><img loading=\"lazy\" decoding=\"async\" width=\"1024\" height=\"621\" src=\"https:\/\/dracs.es\/wp-content\/uploads\/2020\/12\/Screenshot_2020-09-27-10-24-18-166_com.facebook.katana-1024x621.jpg\" alt=\"\" data-id=\"2749\" data-full-url=\"https:\/\/dracs.es\/wp-content\/uploads\/2020\/12\/Screenshot_2020-09-27-10-24-18-166_com.facebook.katana.jpg\" data-link=\"https:\/\/dracs.es\/el-club-esportiu-lgtbi-dracs-en-la-presentacion-del-cartel-del-primer-orgullo-de-alcoi\/screenshot_2020-09-27-10-24-18-166_com-facebook-katana\/\" class=\"wp-image-2749\" srcset=\"https:\/\/dracs.es\/wp-content\/uploads\/2020\/12\/Screenshot_2020-09-27-10-24-18-166_com.facebook.katana-1024x621.jpg 1024w, https:\/\/dracs.es\/wp-content\/uploads\/2020\/12\/Screenshot_2020-09-27-10-24-18-166_com.facebook.katana-300x182.jpg 300w, https:\/\/dracs.es\/wp-content\/uploads\/2020\/12\/Screenshot_2020-09-27-10-24-18-166_com.facebook.katana-600x364.jpg 600w, https:\/\/dracs.es\/wp-content\/uploads\/2020\/12\/Screenshot_2020-09-27-10-24-18-166_com.facebook.katana-768x465.jpg 768w, https:\/\/dracs.es\/wp-content\/uploads\/2020\/12\/Screenshot_2020-09-27-10-24-18-166_com.facebook.katana-245x148.jpg 245w, https:\/\/dracs.es\/wp-content\/uploads\/2020\/12\/Screenshot_2020-09-27-10-24-18-166_com.facebook.katana.jpg 1376w\" sizes=\"auto, (max-width: 1024px) 100vw, 1024px\" \/><\/figure><\/li><li class=\"blocks-gallery-item\"><figure><img loading=\"lazy\" decoding=\"async\" width=\"320\" height=\"191\" src=\"https:\/\/dracs.es\/wp-content\/uploads\/2020\/12\/Screenshot_2020-09-27-10-42-54-756_com.facebook.katana.jpg\" alt=\"\" data-id=\"2748\" data-full-url=\"https:\/\/dracs.es\/wp-content\/uploads\/2020\/12\/Screenshot_2020-09-27-10-42-54-756_com.facebook.katana.jpg\" data-link=\"https:\/\/dracs.es\/el-club-esportiu-lgtbi-dracs-en-la-presentacion-del-cartel-del-primer-orgullo-de-alcoi\/screenshot_2020-09-27-10-42-54-756_com-facebook-katana\/\" class=\"wp-image-2748\" srcset=\"https:\/\/dracs.es\/wp-content\/uploads\/2020\/12\/Screenshot_2020-09-27-10-42-54-756_com.facebook.katana.jpg 320w, https:\/\/dracs.es\/wp-content\/uploads\/2020\/12\/Screenshot_2020-09-27-10-42-54-756_com.facebook.katana-300x179.jpg 300w, https:\/\/dracs.es\/wp-content\/uploads\/2020\/12\/Screenshot_2020-09-27-10-42-54-756_com.facebook.katana-245x146.jpg 245w\" sizes=\"auto, (max-width: 320px) 100vw, 320px\" \/><\/figure><\/li><\/ul><\/figure>\n","protected":false},"excerpt":{"rendered":"<p>L&#8217;associaci\u00f3 Ponts d&#8217;Igualtat va presentar el cartell del primer orgull 2021 dissabte passat 26 de setembre a les 19:30h en l&#8217;IVAM CADA Alcoi. Durant l&#8217;acte van realitzar un recorregut recordant totes les acciones que ha fet aquest col\u00b7lectiu durant el seu primer any de vida. El cartell, creada por Orfeu Soler, va ser presentat al&hellip;<\/p>\n","protected":false},"author":1,"featured_media":2748,"comment_status":"open","ping_status":"open","sticky":false,"template":"","format":"standard","meta":{"pmpro_default_level":"","footnotes":""},"categories":[1],"tags":[],"class_list":["post-2747","post","type-post","status-publish","format-standard","has-post-thumbnail","hentry","category-uncategorized","pmpro-has-access"],"translation":{"provider":"WPGlobus","version":"3.0.2","language":"vl","enabled_languages":["es","vl"],"languages":{"es":{"title":true,"content":true,"excerpt":false},"vl":{"title":true,"content":true,"excerpt":false}}},"featured_image_urls_v2":{"full":["https:\/\/dracs.es\/wp-content\/uploads\/2020\/12\/Screenshot_2020-09-27-10-42-54-756_com.facebook.katana.jpg",320,191,false],"thumbnail":["https:\/\/dracs.es\/wp-content\/uploads\/2020\/12\/Screenshot_2020-09-27-10-42-54-756_com.facebook.katana-150x150.jpg",150,150,true],"medium":["https:\/\/dracs.es\/wp-content\/uploads\/2020\/12\/Screenshot_2020-09-27-10-42-54-756_com.facebook.katana-300x179.jpg",300,179,true],"medium_large":["https:\/\/dracs.es\/wp-content\/uploads\/2020\/12\/Screenshot_2020-09-27-10-42-54-756_com.facebook.katana.jpg",320,191,false],"large":["https:\/\/dracs.es\/wp-content\/uploads\/2020\/12\/Screenshot_2020-09-27-10-42-54-756_com.facebook.katana.jpg",320,191,false],"1536x1536":["https:\/\/dracs.es\/wp-content\/uploads\/2020\/12\/Screenshot_2020-09-27-10-42-54-756_com.facebook.katana.jpg",320,191,false],"2048x2048":["https:\/\/dracs.es\/wp-content\/uploads\/2020\/12\/Screenshot_2020-09-27-10-42-54-756_com.facebook.katana.jpg",320,191,false],"post-thumbnail":["https:\/\/dracs.es\/wp-content\/uploads\/2020\/12\/Screenshot_2020-09-27-10-42-54-756_com.facebook.katana.jpg",300,179,false],"envo-one-img":["https:\/\/dracs.es\/wp-content\/uploads\/2020\/12\/Screenshot_2020-09-27-10-42-54-756_com.facebook.katana.jpg",320,191,false],"woocommerce_thumbnail":["https:\/\/dracs.es\/wp-content\/uploads\/2020\/12\/Screenshot_2020-09-27-10-42-54-756_com.facebook.katana-300x179.jpg",300,179,true],"woocommerce_single":["https:\/\/dracs.es\/wp-content\/uploads\/2020\/12\/Screenshot_2020-09-27-10-42-54-756_com.facebook.katana.jpg",320,191,false],"woocommerce_gallery_thumbnail":["https:\/\/dracs.es\/wp-content\/uploads\/2020\/12\/Screenshot_2020-09-27-10-42-54-756_com.facebook.katana-100x100.jpg",100,100,true]},"post_excerpt_stackable_v2":"<p>L&#8217;associaci\u00f3 Ponts d&#8217;Igualtat va presentar el cartell del primer orgull 2021 dissabte passat 26 de setembre a les 19:30h en l&#8217;IVAM CADA Alcoi. Durant l&#8217;acte van realitzar un recorregut recordant totes les acciones que ha fet aquest col\u00b7lectiu durant el seu primer any de vida. El cartell, creada por Orfeu Soler, va ser presentat al final d&#8217;acte con l&#8217;actuaci\u00f3 del Mag Hugo i Noa Villar. Aquest esdeveniment ha coincidit amb la celebraci\u00f3 del primer aniversari del col\u00b7lectiu LGTBIQ+ de la ciutat d&#8217;Alcoi. Recordar que Aitor Pla, president de l&#8217;entitat, tenia previst celebrar enguany el primer Orgull LGTBI, per\u00f2 a causa&hellip;<\/p>\n","category_list_v2":"<a href=\"https:\/\/dracs.es\/vl\/category\/uncategorized\/\" rel=\"category tag\">Uncategorized<\/a>","author_info_v2":{"name":"admin","url":"https:\/\/dracs.es\/vl\/author\/celgtbivalencia\/"},"comments_num_v2":"0 comments","_links":{"self":[{"href":"https:\/\/dracs.es\/vl\/wp-json\/wp\/v2\/posts\/2747","targetHints":{"allow":["GET"]}}],"collection":[{"href":"https:\/\/dracs.es\/vl\/wp-json\/wp\/v2\/posts"}],"about":[{"href":"https:\/\/dracs.es\/vl\/wp-json\/wp\/v2\/types\/post"}],"author":[{"embeddable":true,"href":"https:\/\/dracs.es\/vl\/wp-json\/wp\/v2\/users\/1"}],"replies":[{"embeddable":true,"href":"https:\/\/dracs.es\/vl\/wp-json\/wp\/v2\/comments?post=2747"}],"version-history":[{"count":6,"href":"https:\/\/dracs.es\/vl\/wp-json\/wp\/v2\/posts\/2747\/revisions"}],"predecessor-version":[{"id":2766,"href":"https:\/\/dracs.es\/vl\/wp-json\/wp\/v2\/posts\/2747\/revisions\/2766"}],"wp:featuredmedia":[{"embeddable":true,"href":"https:\/\/dracs.es\/vl\/wp-json\/wp\/v2\/media\/2748"}],"wp:attachment":[{"href":"https:\/\/dracs.es\/vl\/wp-json\/wp\/v2\/media?parent=2747"}],"wp:term":[{"taxonomy":"category","embeddable":true,"href":"https:\/\/dracs.es\/vl\/wp-json\/wp\/v2\/categories?post=2747"},{"taxonomy":"post_tag","embeddable":true,"href":"https:\/\/dracs.es\/vl\/wp-json\/wp\/v2\/tags?post=2747"}],"curies":[{"name":"wp","href":"https:\/\/api.w.org\/{rel}","templated":true}]}}