{"id":762,"date":"2020-03-31T12:03:04","date_gmt":"2020-03-31T12:03:04","guid":{"rendered":"https:\/\/dracs.es\/?p=762"},"modified":"2020-03-31T12:09:09","modified_gmt":"2020-03-31T12:09:09","slug":"31m-dia-de-la-visibilidad-trans","status":"publish","type":"post","link":"https:\/\/dracs.es\/vl\/31m-dia-de-la-visibilidad-trans\/","title":{"rendered":"31M Dia de la Visibilitat Trans"},"content":{"rendered":"\n<p>Hui, 31 de mar\u00e7 de 2020, Dia de la Visibilitat Trans, unim la nostra veu per a reivindicar que les persones i la inf\u00e0ncia trans som una realitat.<\/p>\n\n\n\n<p>Una realitat que s&#8217;obri pas, no sense esfor\u00e7, trencant biaixos, prejudicis, estereotips, la falta de drets, i amb la intenci\u00f3 ferma, tal i com transmetia la Dra. Juani Bermejo-Vega, d\u2019\u00abomplir d&#8217;amor els espais que unes altres persones volen omplir d&#8217;odi\u00bb.<\/p>\n\n\n\n<p>Una realitat on tenim dret de ser en totes les facetes de la nostra vida; en paraules d&#8217;Elsa Ruiz: \u00abNegar la inf\u00e0ncia trans \u00e9s negar drets humans a la inf\u00e0ncia\u00bb.<\/p>\n\n\n\n<p>Una realitat on no se&#8217;ns patologitze. Esther Rom\u00e1n (Crab) ens recorda que \u00aben els mitjans exhibixen les nostres trag\u00e8dies, mai les nostres alegries\u00bb.<\/p>\n\n\n\n<p>Una realitat feminista on no se&#8217;ns excloga, tal com reivindica la Dra. Marina S\u00e1enz: \u00abL&#8217;enemic \u00e9s el mateix per a totes les dones: l&#8217;heteropatriarcat\u00bb o Elsa Ruiz: \u00abEl feminisme no pot ser cis, blanc ni burg\u00e9s (\u2026) perqu\u00e8 el feminisme \u00e9s igualtat\u00bb.<\/p>\n\n\n\n<p>Una realitat on ens desenvolupem laboralment en tots els sectors; Lara Santaella ho t\u00e9 molt clar: \u00abSi no hi ha un m\u00ednim de referents, si no hi ha un m\u00ednim de persones visibles, moltes es queden tancades\u00bb.<\/p>\n\n\n\n<p>Una realitat en la qual, simplement pel fet de ser, desgraciadament se&#8217;ns mata, o en la qual, en estats d&#8217;emerg\u00e8ncia sanit\u00e0ria com el que vivim, algunes persones com nosaltres som m\u00e9s vulnerables: \u00abA totes vosaltres us sent meues i jo de vosaltres. Els colps poden arribar-nos per igual i les alegries omplir-nos\u00bb (Kim P\u00e9rez).<\/p>\n\n\n\n<p>Aquesta realitat necessita ajuda:<\/p>\n\n\n\n<p>Necessita de garanties que ens permeten accedir amb les mateixes oportunitats a llocs de treball.<\/p>\n\n\n\n<p>Necessita d&#8217;una llei estatal que protegisca la nostra integritat, els nostres drets, les nostres fam\u00edlies, la nostra inf\u00e0ncia, les nostres vides.<\/p>\n\n\n\n<p>Necessita d&#8217;un impuls educatiu i cultural que permeta despatologitzar-nos, visibilitzar-nos,<\/p>\n\n\n\n<p>Necessita d&#8217;un esfor\u00e7 de les institucions de sanitat perqu\u00e8 desenvolupen protocols que ens incloguen.<\/p>\n\n\n\n<p>Necessita de tot el m\u00f3n. Necessita un m\u00f3n lliure de transf\u00f2bia.<\/p>\n","protected":false},"excerpt":{"rendered":"<p>Hui, 31 de mar\u00e7 de 2020, Dia de la Visibilitat Trans, unim la nostra veu per a reivindicar que les persones i la inf\u00e0ncia trans som una realitat. Una realitat que s&#8217;obri pas, no sense esfor\u00e7, trencant biaixos, prejudicis, estereotips, la falta de drets, i amb la intenci\u00f3 ferma, tal i com transmetia la Dra.&hellip;<\/p>\n","protected":false},"author":1,"featured_media":765,"comment_status":"open","ping_status":"open","sticky":false,"template":"","format":"standard","meta":{"pmpro_default_level":"","footnotes":""},"categories":[1],"tags":[],"class_list":["post-762","post","type-post","status-publish","format-standard","has-post-thumbnail","hentry","category-uncategorized","pmpro-has-access"],"translation":{"provider":"WPGlobus","version":"3.0.2","language":"vl","enabled_languages":["es","vl"],"languages":{"es":{"title":true,"content":true,"excerpt":false},"vl":{"title":true,"content":true,"excerpt":false}}},"featured_image_urls_v2":{"full":["https:\/\/dracs.es\/wp-content\/uploads\/2020\/03\/PicsArt_03-31-09.41.07.jpg",2289,2289,false],"thumbnail":["https:\/\/dracs.es\/wp-content\/uploads\/2020\/03\/PicsArt_03-31-09.41.07-150x150.jpg",150,150,true],"medium":["https:\/\/dracs.es\/wp-content\/uploads\/2020\/03\/PicsArt_03-31-09.41.07-300x300.jpg",300,300,true],"medium_large":["https:\/\/dracs.es\/wp-content\/uploads\/2020\/03\/PicsArt_03-31-09.41.07-768x768.jpg",768,768,true],"large":["https:\/\/dracs.es\/wp-content\/uploads\/2020\/03\/PicsArt_03-31-09.41.07-1024x1024.jpg",1024,1024,true],"1536x1536":["https:\/\/dracs.es\/wp-content\/uploads\/2020\/03\/PicsArt_03-31-09.41.07-1536x1536.jpg",1536,1536,true],"2048x2048":["https:\/\/dracs.es\/wp-content\/uploads\/2020\/03\/PicsArt_03-31-09.41.07-2048x2048.jpg",2048,2048,true],"post-thumbnail":["https:\/\/dracs.es\/wp-content\/uploads\/2020\/03\/PicsArt_03-31-09.41.07-1568x1568.jpg",300,300,true],"envo-one-img":["https:\/\/dracs.es\/wp-content\/uploads\/2020\/03\/PicsArt_03-31-09.41.07.jpg",540,540,false],"woocommerce_thumbnail":["https:\/\/dracs.es\/wp-content\/uploads\/2020\/03\/PicsArt_03-31-09.41.07-300x300.jpg",300,300,true],"woocommerce_single":["https:\/\/dracs.es\/wp-content\/uploads\/2020\/03\/PicsArt_03-31-09.41.07-600x600.jpg",600,600,true],"woocommerce_gallery_thumbnail":["https:\/\/dracs.es\/wp-content\/uploads\/2020\/03\/PicsArt_03-31-09.41.07-100x100.jpg",100,100,true]},"post_excerpt_stackable_v2":"<p>Hui, 31 de mar\u00e7 de 2020, Dia de la Visibilitat Trans, unim la nostra veu per a reivindicar que les persones i la inf\u00e0ncia trans som una realitat. Una realitat que s&#8217;obri pas, no sense esfor\u00e7, trencant biaixos, prejudicis, estereotips, la falta de drets, i amb la intenci\u00f3 ferma, tal i com transmetia la Dra. Juani Bermejo-Vega, d\u2019\u00abomplir d&#8217;amor els espais que unes altres persones volen omplir d&#8217;odi\u00bb. Una realitat on tenim dret de ser en totes les facetes de la nostra vida; en paraules d&#8217;Elsa Ruiz: \u00abNegar la inf\u00e0ncia trans \u00e9s negar drets humans a la inf\u00e0ncia\u00bb. Una realitat&hellip;<\/p>\n","category_list_v2":"<a href=\"https:\/\/dracs.es\/vl\/category\/uncategorized\/\" rel=\"category tag\">Uncategorized<\/a>","author_info_v2":{"name":"admin","url":"https:\/\/dracs.es\/vl\/author\/celgtbivalencia\/"},"comments_num_v2":"0 comments","_links":{"self":[{"href":"https:\/\/dracs.es\/vl\/wp-json\/wp\/v2\/posts\/762","targetHints":{"allow":["GET"]}}],"collection":[{"href":"https:\/\/dracs.es\/vl\/wp-json\/wp\/v2\/posts"}],"about":[{"href":"https:\/\/dracs.es\/vl\/wp-json\/wp\/v2\/types\/post"}],"author":[{"embeddable":true,"href":"https:\/\/dracs.es\/vl\/wp-json\/wp\/v2\/users\/1"}],"replies":[{"embeddable":true,"href":"https:\/\/dracs.es\/vl\/wp-json\/wp\/v2\/comments?post=762"}],"version-history":[{"count":6,"href":"https:\/\/dracs.es\/vl\/wp-json\/wp\/v2\/posts\/762\/revisions"}],"predecessor-version":[{"id":770,"href":"https:\/\/dracs.es\/vl\/wp-json\/wp\/v2\/posts\/762\/revisions\/770"}],"wp:featuredmedia":[{"embeddable":true,"href":"https:\/\/dracs.es\/vl\/wp-json\/wp\/v2\/media\/765"}],"wp:attachment":[{"href":"https:\/\/dracs.es\/vl\/wp-json\/wp\/v2\/media?parent=762"}],"wp:term":[{"taxonomy":"category","embeddable":true,"href":"https:\/\/dracs.es\/vl\/wp-json\/wp\/v2\/categories?post=762"},{"taxonomy":"post_tag","embeddable":true,"href":"https:\/\/dracs.es\/vl\/wp-json\/wp\/v2\/tags?post=762"}],"curies":[{"name":"wp","href":"https:\/\/api.w.org\/{rel}","templated":true}]}}