{"id":841,"date":"2020-05-25T06:08:11","date_gmt":"2020-05-25T06:08:11","guid":{"rendered":"https:\/\/dracs.es\/?p=841"},"modified":"2020-05-25T06:08:15","modified_gmt":"2020-05-25T06:08:15","slug":"17m-reivindicamos-la-eliminacion-de-la-lgtbifobia-el-machismo-y-la-desigualdad-en-el-deporte","status":"publish","type":"post","link":"https:\/\/dracs.es\/vl\/17m-reivindicamos-la-eliminacion-de-la-lgtbifobia-el-machismo-y-la-desigualdad-en-el-deporte\/","title":{"rendered":"17M reivindiquem l&#8217;eliminaci\u00f3 de la LGTBIfobia, el masclisme i la desigualtat en l&#8217;esport"},"content":{"rendered":"\n<figure class=\"wp-block-embed-youtube wp-block-embed is-type-video is-provider-youtube wp-embed-aspect-16-9 wp-has-aspect-ratio\"><div class=\"wp-block-embed__wrapper\">\nhttps:\/\/www.youtube.com\/watch?v=GJBK0fkgAKc\n<\/div><\/figure>\n\n\n\n<p>Amb l&#8217;ajuda d&#8217;esportistes visibles, activistes i entitats que treballen pels drets de les persones LGTBI i la lluita contra el masclisme en l&#8217;esport, en el dia internacional contra la LGTBIfobia volem reivindicar un esport DIVERS, IGUALITARI, LGTBI-VISIBLE, per a todes, sense armaris, lliure de masclisme i LGTBIFOBIA.<\/p>\n\n\n\n<figure class=\"wp-block-image size-large\"><img loading=\"lazy\" decoding=\"async\" width=\"1024\" height=\"544\" src=\"https:\/\/dracs.es\/wp-content\/uploads\/2020\/05\/17M-1024x544.jpg\" alt=\"\" class=\"wp-image-844\" srcset=\"https:\/\/dracs.es\/wp-content\/uploads\/2020\/05\/17M-1024x544.jpg 1024w, https:\/\/dracs.es\/wp-content\/uploads\/2020\/05\/17M-300x159.jpg 300w, https:\/\/dracs.es\/wp-content\/uploads\/2020\/05\/17M-600x318.jpg 600w, https:\/\/dracs.es\/wp-content\/uploads\/2020\/05\/17M-768x408.jpg 768w, https:\/\/dracs.es\/wp-content\/uploads\/2020\/05\/17M-245x130.jpg 245w, https:\/\/dracs.es\/wp-content\/uploads\/2020\/05\/17M.jpg 1266w\" sizes=\"auto, (max-width: 1024px) 100vw, 1024px\" \/><\/figure>\n\n\n\n<h2 class=\"wp-block-heading\">Visibilitat de les persones trans, les dones i les orientacions no normatives en l&#8217;esport<\/h2>\n\n\n\n<p><strong>Mar\u00eda Homsani<\/strong>, Coordinadora Grup d\u2019Assessorament en Temes Trans de Lambda, reivindica en contra de la invisibilitat i la falta de persones trans referents en l&#8217;esport i en la inf\u00e0ncia: &#8220;Que ning\u00fa et diga que no ho pots fer, els persones trans, la inf\u00e0ncia trans i els esportistes trans existim&#8221;<\/p>\n\n\n\n<p><strong>Carlos Peralta<\/strong>, nadador plusmarquista ol\u00edmpic, remarca que en les passades olimp\u00edades, d&#8217;entre 11.000 esportistes, tan sols 43 (un 0,4%) eren obertament homosexuals, els n\u00fameros no quadren en una societat lliure i diversa.<\/p>\n\n\n\n<p><strong>Cristy Tojo<\/strong>, parakateka campiona d&#8217;Europa, crida les dones a visibilitzar-se per a crear referents i anar obrint cam\u00ed en l&#8217;esport.<\/p>\n\n\n\n<p><strong>V\u00edctor Guti\u00e9rrez<\/strong>, waterpolista ol\u00edmpic, analitza la situaci\u00f3 actual de la visibilitat dels homes homosexuals, ja que, en futbol de primera divisi\u00f3 cap home s&#8217;ha atrevit a visibilitzar-se.<\/p>\n\n\n\n<figure class=\"wp-block-image size-large\"><img loading=\"lazy\" decoding=\"async\" width=\"1024\" height=\"568\" src=\"https:\/\/dracs.es\/wp-content\/uploads\/2020\/05\/17M_03-1024x568.jpg\" alt=\"\" class=\"wp-image-842\" srcset=\"https:\/\/dracs.es\/wp-content\/uploads\/2020\/05\/17M_03-1024x568.jpg 1024w, https:\/\/dracs.es\/wp-content\/uploads\/2020\/05\/17M_03-300x166.jpg 300w, https:\/\/dracs.es\/wp-content\/uploads\/2020\/05\/17M_03-600x333.jpg 600w, https:\/\/dracs.es\/wp-content\/uploads\/2020\/05\/17M_03-768x426.jpg 768w, https:\/\/dracs.es\/wp-content\/uploads\/2020\/05\/17M_03-245x136.jpg 245w, https:\/\/dracs.es\/wp-content\/uploads\/2020\/05\/17M_03.jpg 1212w\" sizes=\"auto, (max-width: 1024px) 100vw, 1024px\" \/><\/figure>\n\n\n\n<h2 class=\"wp-block-heading\">Diversitat en l&#8217;esport<\/h2>\n\n\n\n<p><strong>Alba Requejo<\/strong>, periodista i editora d&#8217;informatives en \u00c0 Punt M\u00e8dia, recalca la precarietat, la bretxa salarial i el sostre de cristall al qual s&#8217;enfronten les esportistes d&#8217;elit en el futbol.<\/p>\n\n\n\n<p><strong>Lydia Ramos<\/strong>, campiona d&#8217;Espanya en ciclisme i nataci\u00f3 adaptats i jugadora de rugbi adaptat, reivindica que acabem amb el sexisme en l&#8217;esport i siguem conscients que l&#8217;esport ha de ser un espai d&#8217;igualtat.<\/p>\n\n\n\n<p><strong>Sheila Bataller<\/strong>, cofundadora de Buckbeak Riders Quidditch Team, reivindica reglaments que fomenten la igualtat i la diversitat com el Quidditch.<\/p>\n\n\n\n<figure class=\"wp-block-image size-large\"><img loading=\"lazy\" decoding=\"async\" width=\"1024\" height=\"544\" src=\"https:\/\/dracs.es\/wp-content\/uploads\/2020\/05\/17M_02-1024x544.jpg\" alt=\"\" class=\"wp-image-843\" srcset=\"https:\/\/dracs.es\/wp-content\/uploads\/2020\/05\/17M_02-1024x544.jpg 1024w, https:\/\/dracs.es\/wp-content\/uploads\/2020\/05\/17M_02-300x159.jpg 300w, https:\/\/dracs.es\/wp-content\/uploads\/2020\/05\/17M_02-600x318.jpg 600w, https:\/\/dracs.es\/wp-content\/uploads\/2020\/05\/17M_02-768x408.jpg 768w, https:\/\/dracs.es\/wp-content\/uploads\/2020\/05\/17M_02-245x130.jpg 245w, https:\/\/dracs.es\/wp-content\/uploads\/2020\/05\/17M_02.jpg 1266w\" sizes=\"auto, (max-width: 1024px) 100vw, 1024px\" \/><\/figure>\n\n\n\n<h2 class=\"wp-block-heading\">Eliminaci\u00f3 de la LGTBIfobia en l&#8217;esport<\/h2>\n\n\n\n<p><strong>Cristina Rodr\u00edguez<\/strong>, triatleta <a href=\"http:\/\/dracs.es\" target=\"_blank\" rel=\"noreferrer noopener\">C.E. LGTBI+ DRACS Val\u00e8ncia<\/a>, demana ajuda, un esfor\u00e7 de todes per a traure dels nostres espais esportius la discriminaci\u00f3.<\/p>\n\n\n\n<p><strong>Eliseo Espert<\/strong>, activista <a href=\"http:\/\/dracs,\u00e9s\" target=\"_blank\" rel=\"noreferrer noopener\">C.E. LGTBI+ DRACS Val\u00e8ncia<\/a>, apunta a la diferent reacci\u00f3 social que es produeix quan una persona expressa una orientaci\u00f3 no normativa i, no obstant aix\u00f2, les persones heterosexuals &#8220;ixen de l&#8217;armari cont\u00ednuament&#8221;.<\/p>\n\n\n\n<p><strong>Aitor Pla<\/strong>, president <a href=\"http:\/\/eivindicar un esport DIVERS, IGUALITARI, LGTBI-VISIBLE, per a todes, sense armaris, lliure de masclisme i LGTBIFOBIA\" target=\"_blank\" rel=\"noreferrer noopener\">Ponts d\u2019Igualtat<\/a>, Col\u00b7lectiu LGTBI Alcoi, reivindica una Llei d&#8217;Igualtat LGTBI estatal.<\/p>\n\n\n\n<p><strong>Diana Sanchis<\/strong>, Coordinadora equip futbol heidis de <a href=\"https:\/\/lambdavalencia.org\/es\/\" target=\"_blank\" rel=\"noreferrer noopener\">Lambda<\/a>, l&#8217;any LBT, posa en el punt de mira la lesbofobia i la inseguretat que es reprodueix en alguns \u00e0mbits esportius.<\/p>\n\n\n\n<p><strong>Victor Manuel Serra<\/strong>, president l\u2019Associaci\u00f3 comarcal LGTBI <a href=\"https:\/\/es-es.facebook.com\/mirallcampdeturia\/\" target=\"_blank\" rel=\"noreferrer noopener\">Mirall Camp de T\u00faria<\/a>, resumeix que desitgem &#8220;que no ens posen les coses m\u00e9s ficiles&#8221; i, per a aix\u00f2, hem de crear un esport DIVERS, IGUALITARI, LGTBI-VISIBLE, per a todes, sense armaris, lliure de masclisme i LGTBIFOBIA<\/p>\n","protected":false},"excerpt":{"rendered":"<p>Amb l&#8217;ajuda d&#8217;esportistes visibles, activistes i entitats que treballen pels drets de les persones LGTBI i la lluita contra el masclisme en l&#8217;esport, en el dia internacional contra la LGTBIfobia volem reivindicar un esport DIVERS, IGUALITARI, LGTBI-VISIBLE, per a todes, sense armaris, lliure de masclisme i LGTBIFOBIA. Visibilitat de les persones trans, les dones i&hellip;<\/p>\n","protected":false},"author":1,"featured_media":844,"comment_status":"open","ping_status":"open","sticky":false,"template":"","format":"standard","meta":{"pmpro_default_level":"","footnotes":""},"categories":[1],"tags":[],"class_list":["post-841","post","type-post","status-publish","format-standard","has-post-thumbnail","hentry","category-uncategorized","pmpro-has-access"],"translation":{"provider":"WPGlobus","version":"3.0.2","language":"vl","enabled_languages":["es","vl"],"languages":{"es":{"title":true,"content":true,"excerpt":false},"vl":{"title":true,"content":true,"excerpt":false}}},"featured_image_urls_v2":{"full":["https:\/\/dracs.es\/wp-content\/uploads\/2020\/05\/17M.jpg",1266,672,false],"thumbnail":["https:\/\/dracs.es\/wp-content\/uploads\/2020\/05\/17M-150x150.jpg",150,150,true],"medium":["https:\/\/dracs.es\/wp-content\/uploads\/2020\/05\/17M-300x159.jpg",300,159,true],"medium_large":["https:\/\/dracs.es\/wp-content\/uploads\/2020\/05\/17M-768x408.jpg",768,408,true],"large":["https:\/\/dracs.es\/wp-content\/uploads\/2020\/05\/17M-1024x544.jpg",1024,544,true],"1536x1536":["https:\/\/dracs.es\/wp-content\/uploads\/2020\/05\/17M.jpg",1266,672,false],"2048x2048":["https:\/\/dracs.es\/wp-content\/uploads\/2020\/05\/17M.jpg",1266,672,false],"post-thumbnail":["https:\/\/dracs.es\/wp-content\/uploads\/2020\/05\/17M.jpg",300,159,false],"envo-one-img":["https:\/\/dracs.es\/wp-content\/uploads\/2020\/05\/17M.jpg",1017,540,false],"woocommerce_thumbnail":["https:\/\/dracs.es\/wp-content\/uploads\/2020\/05\/17M-300x159.jpg",300,159,true],"woocommerce_single":["https:\/\/dracs.es\/wp-content\/uploads\/2020\/05\/17M-600x318.jpg",600,318,true],"woocommerce_gallery_thumbnail":["https:\/\/dracs.es\/wp-content\/uploads\/2020\/05\/17M-100x100.jpg",100,100,true]},"post_excerpt_stackable_v2":"<p>https:\/\/www.youtube.com\/watch?v=GJBK0fkgAKc Amb l&#8217;ajuda d&#8217;esportistes visibles, activistes i entitats que treballen pels drets de les persones LGTBI i la lluita contra el masclisme en l&#8217;esport, en el dia internacional contra la LGTBIfobia volem reivindicar un esport DIVERS, IGUALITARI, LGTBI-VISIBLE, per a todes, sense armaris, lliure de masclisme i LGTBIFOBIA. Visibilitat de les persones trans, les dones i les orientacions no normatives en l&#8217;esport Mar\u00eda Homsani, Coordinadora Grup d\u2019Assessorament en Temes Trans de Lambda, reivindica en contra de la invisibilitat i la falta de persones trans referents en l&#8217;esport i en la inf\u00e0ncia: &#8220;Que ning\u00fa et diga que no ho pots fer,&hellip;<\/p>\n","category_list_v2":"<a href=\"https:\/\/dracs.es\/vl\/category\/uncategorized\/\" rel=\"category tag\">Uncategorized<\/a>","author_info_v2":{"name":"admin","url":"https:\/\/dracs.es\/vl\/author\/celgtbivalencia\/"},"comments_num_v2":"0 comments","_links":{"self":[{"href":"https:\/\/dracs.es\/vl\/wp-json\/wp\/v2\/posts\/841","targetHints":{"allow":["GET"]}}],"collection":[{"href":"https:\/\/dracs.es\/vl\/wp-json\/wp\/v2\/posts"}],"about":[{"href":"https:\/\/dracs.es\/vl\/wp-json\/wp\/v2\/types\/post"}],"author":[{"embeddable":true,"href":"https:\/\/dracs.es\/vl\/wp-json\/wp\/v2\/users\/1"}],"replies":[{"embeddable":true,"href":"https:\/\/dracs.es\/vl\/wp-json\/wp\/v2\/comments?post=841"}],"version-history":[{"count":4,"href":"https:\/\/dracs.es\/vl\/wp-json\/wp\/v2\/posts\/841\/revisions"}],"predecessor-version":[{"id":952,"href":"https:\/\/dracs.es\/vl\/wp-json\/wp\/v2\/posts\/841\/revisions\/952"}],"wp:featuredmedia":[{"embeddable":true,"href":"https:\/\/dracs.es\/vl\/wp-json\/wp\/v2\/media\/844"}],"wp:attachment":[{"href":"https:\/\/dracs.es\/vl\/wp-json\/wp\/v2\/media?parent=841"}],"wp:term":[{"taxonomy":"category","embeddable":true,"href":"https:\/\/dracs.es\/vl\/wp-json\/wp\/v2\/categories?post=841"},{"taxonomy":"post_tag","embeddable":true,"href":"https:\/\/dracs.es\/vl\/wp-json\/wp\/v2\/tags?post=841"}],"curies":[{"name":"wp","href":"https:\/\/api.w.org\/{rel}","templated":true}]}}